{"id":21570,"date":"2025-09-30T09:57:37","date_gmt":"2025-09-30T07:57:37","guid":{"rendered":"https:\/\/agbw.org\/?p=21570"},"modified":"2025-09-30T09:57:37","modified_gmt":"2025-09-30T07:57:37","slug":"armenische-kulturtage-stuttgart-2025","status":"publish","type":"post","link":"https:\/\/agbw.org\/am\/2025\/armenische-kulturtage-stuttgart-2025\/","title":{"rendered":"Armenische Kulturtage Stuttgart 2025"},"content":{"rendered":"<div class=\"fusion-fullwidth fullwidth-box fusion-builder-row-1 fusion-flex-container has-pattern-background has-mask-background nonhundred-percent-fullwidth non-hundred-percent-height-scrolling\" style=\"--awb-border-radius-top-left:0px;--awb-border-radius-top-right:0px;--awb-border-radius-bottom-right:0px;--awb-border-radius-bottom-left:0px;--awb-flex-wrap:wrap;\" ><div class=\"fusion-builder-row fusion-row fusion-flex-align-items-flex-start fusion-flex-content-wrap\" style=\"max-width:1248px;margin-left: calc(-4% \/ 2 );margin-right: calc(-4% \/ 2 );\"><div class=\"fusion-layout-column fusion_builder_column fusion-builder-column-0 fusion_builder_column_1_1 1_1 fusion-flex-column\" style=\"--awb-bg-size:cover;--awb-width-large:100%;--awb-margin-top-large:0px;--awb-spacing-right-large:1.92%;--awb-margin-bottom-large:20px;--awb-spacing-left-large:1.92%;--awb-width-medium:100%;--awb-order-medium:0;--awb-spacing-right-medium:1.92%;--awb-spacing-left-medium:1.92%;--awb-width-small:100%;--awb-order-small:0;--awb-spacing-right-small:1.92%;--awb-spacing-left-small:1.92%;\"><div class=\"fusion-column-wrapper fusion-column-has-shadow fusion-flex-justify-content-flex-start fusion-content-layout-column\"><div class=\"fusion-title title fusion-title-1 fusion-sep-none fusion-title-text fusion-title-size-one\" style=\"--awb-margin-top-small:10px;--awb-margin-right-small:0px;--awb-margin-bottom-small:10px;--awb-margin-left-small:0px;\"><h1 class=\"fusion-title-heading title-heading-left fusion-responsive-typography-calculated\" style=\"margin:0;--fontSize:35;line-height:1.2;\">Erz\u00e4hl es Deinen Kindern<\/h1><\/div><div class=\"fusion-title title fusion-title-2 fusion-sep-none fusion-title-text fusion-title-size-two\" style=\"--awb-margin-top-small:10px;--awb-margin-right-small:0px;--awb-margin-bottom-small:10px;--awb-margin-left-small:0px;\"><h2 class=\"fusion-title-heading title-heading-left fusion-responsive-typography-calculated\" style=\"margin:0;--fontSize:28;line-height:1.2;\">Werte. Wissen. Traditionen.<\/h2><\/div><div class=\"fusion-text fusion-text-1\"><p data-start=\"213\" data-end=\"464\">Stuttgart ist ein Ort, an dem Kulturen aufeinandertreffen, Br\u00fccken entstehen und neue Perspektiven sichtbar werden. Mit den <a href=\"https:\/\/armenische-kulturtage-stuttgart.de\" target=\"_blank\" rel=\"noopener\">Armenischen Kulturtagen Stuttgart (<strong data-start=\"349\" data-end=\"371\">\u0540\u0561\u0575 \u0544\u0577\u0561\u056f\u0578\u0582\u0575\u0569\u056b \u0555\u0580\u0565\u0580)<\/strong><\/a> hat sich hier ein Festival etabliert, das weit \u00fcber die armenische Diaspora hinausstrahlt.<\/p>\n<p data-start=\"466\" data-end=\"795\">Urspr\u00fcnglich aus kleinen, lokalen Initiativen hervorgegangen, sind die Kulturtage heute ein fester Bestandteil des Kulturkalenders der Stadt. Ihr Ziel ist es, die armenische Kultur nicht nur als Erbe einer jahrtausendealten Zivilisation zu zeigen, sondern als eine lebendige, moderne und kreative Kraft, die Menschen verbindet.<\/p>\n<p data-start=\"797\" data-end=\"1074\">Musik, Literatur, Theater, Film und Bildende Kunst bilden jedes Jahr ein vielf\u00e4ltiges Programm. K\u00fcnstlerinnen und K\u00fcnstler aus Armenien, der Diaspora und Deutschland begegnen sich hier, regen Diskussionen an und \u00f6ffnen R\u00e4ume f\u00fcr Dialog \u00fcber Identit\u00e4t, Erinnerung und Zukunft.<\/p>\n<p data-start=\"1076\" data-end=\"1417\">Die bisherigen Erfolge sind bemerkenswert: internationale Premieren, hochkar\u00e4tige Podiumsdiskussionen, inspirierende Jugend- und Kinderprogramme sowie ausverkaufte Konzerte. F\u00fcr viele Besucherinnen und Besucher sind die Armenischen Kulturtage nicht nur ein Festival, sondern ein Ort der Begegnung, des Wiedererkennens und des Weitergebens.<\/p>\n<p data-start=\"1441\" data-end=\"1792\">Unter dem Leitwort <strong data-start=\"1460\" data-end=\"1519\">\u201eErz\u00e4hl es deinen Kindern\u2026 Werte. Wissen. Traditionen.\u201c<\/strong> (<a href=\"https:\/\/www.bibleserver.com\/EU\/Joel1%2C3\" class=\"bibleserver extern\" target=\"_blank\">Joel 1,3<\/a>) laden wir herzlich zu den <strong data-start=\"1557\" data-end=\"1594\">Armenischen Kulturtagen Stuttgart 2025<\/strong> ein. Vom <strong data-start=\"1604\" data-end=\"1632\">16. bis 26. Oktober 2025<\/strong> erwarten Sie elf Tage voller au\u00dfergew\u00f6hnlicher Erlebnisse: von Klassik und Jazz \u00fcber Theater und Film bis hin zu Workshops, Lesungen und spirituellen Feiern.<\/p>\n<p data-start=\"1794\" data-end=\"1908\">Wir freuen uns darauf, gemeinsam mit Ihnen Kultur zu entdecken, Erinnerungen zu teilen und Zukunft zu gestalten.<\/p>\n<p data-start=\"1910\" data-end=\"2049\"> Das vollst\u00e4ndige Programm finden Sie unter:<br data-start=\"1956\" data-end=\"1959\" \/><a class=\"decorated-link\" href=\"https:\/\/www.armenische-kulturtage-stuttgart.de\/\" target=\"_new\" rel=\"noopener\" data-start=\"1959\" data-end=\"2047\">www.armenische-kulturtage-stuttgart.de<\/a><\/p>\n<\/div><\/div><\/div><\/div><\/div>","protected":false},"excerpt":{"rendered":"","protected":false},"author":1,"featured_media":21571,"comment_status":"closed","ping_status":"closed","sticky":false,"template":"","format":"standard","meta":{"footnotes":""},"categories":[142],"tags":[837,838],"class_list":["post-21570","post","type-post","status-publish","format-standard","has-post-thumbnail","hentry","category-aktuell","tag-akts-2025","tag-armenische-kulturtage-stuttgart-2025"],"_links":{"self":[{"href":"https:\/\/agbw.org\/am\/wp-json\/wp\/v2\/posts\/21570","targetHints":{"allow":["GET"]}}],"collection":[{"href":"https:\/\/agbw.org\/am\/wp-json\/wp\/v2\/posts"}],"about":[{"href":"https:\/\/agbw.org\/am\/wp-json\/wp\/v2\/types\/post"}],"author":[{"embeddable":true,"href":"https:\/\/agbw.org\/am\/wp-json\/wp\/v2\/users\/1"}],"replies":[{"embeddable":true,"href":"https:\/\/agbw.org\/am\/wp-json\/wp\/v2\/comments?post=21570"}],"version-history":[{"count":1,"href":"https:\/\/agbw.org\/am\/wp-json\/wp\/v2\/posts\/21570\/revisions"}],"predecessor-version":[{"id":21572,"href":"https:\/\/agbw.org\/am\/wp-json\/wp\/v2\/posts\/21570\/revisions\/21572"}],"wp:featuredmedia":[{"embeddable":true,"href":"https:\/\/agbw.org\/am\/wp-json\/wp\/v2\/media\/21571"}],"wp:attachment":[{"href":"https:\/\/agbw.org\/am\/wp-json\/wp\/v2\/media?parent=21570"}],"wp:term":[{"taxonomy":"category","embeddable":true,"href":"https:\/\/agbw.org\/am\/wp-json\/wp\/v2\/categories?post=21570"},{"taxonomy":"post_tag","embeddable":true,"href":"https:\/\/agbw.org\/am\/wp-json\/wp\/v2\/tags?post=21570"}],"curies":[{"name":"wp","href":"https:\/\/api.w.org\/{rel}","templated":true}]}}