{"id":21598,"date":"2025-10-17T10:13:44","date_gmt":"2025-10-17T08:13:44","guid":{"rendered":"https:\/\/agbw.org\/?p=21598"},"modified":"2025-10-17T10:52:17","modified_gmt":"2025-10-17T08:52:17","slug":"ein-musikalischer-triumph","status":"publish","type":"post","link":"https:\/\/agbw.org\/am\/2025\/ein-musikalischer-triumph\/","title":{"rendered":"Ein musikalischer Triumph"},"content":{"rendered":"<div class=\"fusion-fullwidth fullwidth-box fusion-builder-row-1 fusion-flex-container has-pattern-background has-mask-background nonhundred-percent-fullwidth non-hundred-percent-height-scrolling\" style=\"--awb-border-radius-top-left:0px;--awb-border-radius-top-right:0px;--awb-border-radius-bottom-right:0px;--awb-border-radius-bottom-left:0px;--awb-flex-wrap:wrap;\" ><div class=\"fusion-builder-row fusion-row fusion-flex-align-items-flex-start fusion-flex-content-wrap\" style=\"max-width:1248px;margin-left: calc(-4% \/ 2 );margin-right: calc(-4% \/ 2 );\"><div class=\"fusion-layout-column fusion_builder_column fusion-builder-column-0 fusion_builder_column_1_1 1_1 fusion-flex-column\" style=\"--awb-bg-size:cover;--awb-width-large:100%;--awb-margin-top-large:0px;--awb-spacing-right-large:1.92%;--awb-margin-bottom-large:20px;--awb-spacing-left-large:1.92%;--awb-width-medium:100%;--awb-order-medium:0;--awb-spacing-right-medium:1.92%;--awb-spacing-left-medium:1.92%;--awb-width-small:100%;--awb-order-small:0;--awb-spacing-right-small:1.92%;--awb-spacing-left-small:1.92%;\"><div class=\"fusion-column-wrapper fusion-column-has-shadow fusion-flex-justify-content-flex-start fusion-content-layout-column\"><div class=\"fusion-title title fusion-title-1 fusion-sep-none fusion-title-text fusion-title-size-one\" style=\"--awb-margin-top-small:10px;--awb-margin-right-small:0px;--awb-margin-bottom-small:10px;--awb-margin-left-small:0px;\"><h1 class=\"fusion-title-heading title-heading-left fusion-responsive-typography-calculated\" style=\"margin:0;--fontSize:35;line-height:1.2;\"><p dir=\"auto\">Ein musikalischer Triumph<\/p><\/h1><\/div><div class=\"fusion-title title fusion-title-2 fusion-sep-none fusion-title-text fusion-title-size-two\" style=\"--awb-margin-top-small:10px;--awb-margin-right-small:0px;--awb-margin-bottom-small:10px;--awb-margin-left-small:0px;\"><h2 class=\"fusion-title-heading title-heading-left fusion-responsive-typography-calculated\" style=\"margin:0;--fontSize:28;line-height:1.2;\"><p dir=\"auto\">Die Armenischen Kulturtage Stuttgart 2025 er\u00f6ffnet<\/p><\/h2><\/div><div class=\"fusion-text fusion-text-1\"><p dir=\"auto\">Stuttgart, 17. Oktober 2025 \u2013 Gestern begann mit einem feierlichen Er\u00f6ffnungskonzert in der Evangelischen Markuskirche ein kulturelles Highlight: die Armenischen Kulturtage Stuttgart 2025. Organisiert von der Armenischen Gemeinde Baden-W\u00fcrttemberg e.V., bietet das vielf\u00e4ltige Programm bis zum 26. Oktober eine Plattform f\u00fcr Kunst, Dialog und interkulturellen Austausch. Die Veranstaltung stand unter dem Motto \u201eErz\u00e4hl es deinen Kindern\u2026 Werte. Wissen. Traditionen\u201c und verband eine tiefgr\u00fcndige Podiumsdiskussion mit einem musikalischen Erlebnis h\u00f6chster Qualit\u00e4t.<\/p>\n<p dir=\"auto\">Die Er\u00f6ffnung wurde von einer Podiumsrunde eingeleitet, die sich mit der Weitergabe von Erinnerung und Identit\u00e4t auseinandersetzte. Unter Leitung von Moderatoren diskutierten Adrienne Braun (Kulturjournalistin, Stuttgarter Zeitung), Mesut Ethem Kavalli (Drehbuchautor, \u201eAsadur\u201c) und Pfarrer Dr. Diradur Sardaryan (Armenische Gemeinde BW) \u00fcber die Herausforderungen der armenischen Geschichte \u2013 vom V\u00f6lkermord 1915\/16 \u00fcber die Vertreibung aus Arzach bis hin zur Suche nach Frieden mit Nachbarl\u00e4ndern.<\/p>\n<\/div><div class=\"fusion-separator fusion-full-width-sep\" style=\"align-self: center;margin-left: auto;margin-right: auto;margin-top:15px;margin-bottom:15px;width:100%;\"><div class=\"fusion-separator-border sep-single\" style=\"--awb-height:20px;--awb-amount:20px;border-color:#ffac00;border-top-width:1px;\"><\/div><\/div><div class=\"fusion-image-element\" style=\"text-align:center;--awb-caption-title-font-family:var(--h2_typography-font-family);--awb-caption-title-font-weight:var(--h2_typography-font-weight);--awb-caption-title-font-style:var(--h2_typography-font-style);--awb-caption-title-size:var(--h2_typography-font-size);--awb-caption-title-transform:var(--h2_typography-text-transform);--awb-caption-title-line-height:var(--h2_typography-line-height);--awb-caption-title-letter-spacing:var(--h2_typography-letter-spacing);\"><span class=\"fusion-imageframe imageframe-none imageframe-1 hover-type-none\"><img decoding=\"async\" width=\"800\" height=\"534\" title=\"AKTS 2025 &#8211; Podiumsdiskussion\" src=\"https:\/\/agbw.org\/wp-content\/uploads\/2025\/10\/Design-ohne-Titel-800x534.jpg\" alt class=\"img-responsive wp-image-21600\" srcset=\"https:\/\/agbw.org\/wp-content\/uploads\/2025\/10\/Design-ohne-Titel-200x133.jpg 200w, https:\/\/agbw.org\/wp-content\/uploads\/2025\/10\/Design-ohne-Titel-400x267.jpg 400w, https:\/\/agbw.org\/wp-content\/uploads\/2025\/10\/Design-ohne-Titel-600x400.jpg 600w, https:\/\/agbw.org\/wp-content\/uploads\/2025\/10\/Design-ohne-Titel-800x534.jpg 800w, https:\/\/agbw.org\/wp-content\/uploads\/2025\/10\/Design-ohne-Titel-1200x801.jpg 1200w\" sizes=\"(max-width: 1024px) 100vw, (max-width: 640px) 100vw, 1200px\" \/><\/span><\/div><div class=\"fusion-separator fusion-full-width-sep\" style=\"align-self: center;margin-left: auto;margin-right: auto;margin-top:15px;margin-bottom:15px;width:100%;\"><div class=\"fusion-separator-border sep-single\" style=\"--awb-height:20px;--awb-amount:20px;border-color:#ffac00;border-top-width:1px;\"><\/div><\/div><div class=\"fusion-text fusion-text-2\"><p dir=\"auto\">Der H\u00f6hepunkt des gestrigen Abends in der Evangelischen Markuskirche war zweifellos das Er\u00f6ffnungskonzert, das die weltber\u00fchmte Sopranistin Karine Babajanyan und die virtuose Pianistin Lusine Khachatryan zu einem unvergesslichen Erlebnis gestalteten. Beide K\u00fcnstlerinnen, gefeiert in S\u00e4len wie der Staatsoper Stuttgart, Carnegie Hall und Wigmore Hall, woben ein Programm, das die Grenzen zwischen Kulturen und Epochen m\u00fchelos \u00fcberwand. Von Wagner\u2019s leidenschaftlichem \u201eDich, teure Halle\u201c aus <em>Tannh\u00e4user<\/em> bis zu Puccini\u2019s sehnsuchtsvollem \u201eUn bel d\u00ec vedremo\u201c aus <em>Madama Butterfly<\/em> \u2013 Babajanyan entfaltete eine Stimme, die mit dramatischem Feuer und lyrischer W\u00e4rme besticht, wie Kritiken aus Mailand und Wien stets hervorheben. Ihre Stuttgarter Wurzeln, gepr\u00e4gt durch Triumphe in <em>Madama Butterfly<\/em>, verliehen ihrer Darbietung eine intime Tiefe, die in der sakralen Akustik der Kirche erstrahlte. \u201eDer Klang einer Kirche tr\u00e4gt ein geheimnisvolles Versprechen\u201c, verriet sie, \u201eer fordert Authentizit\u00e4t und l\u00e4sst keine Unsauberkeit entkommen.\u201c<\/p>\n<p dir=\"auto\">Khachatryan, deren Klavierkunst mit ihrem Album <em>My Armenia<\/em> internationale Anerkennung fand, f\u00fcgte mit subtiler Pr\u00e4zision und leidenschaftlicher Energie hinzu. Ihre Interpretation von Berio\u2019s \u201eLoosin Yelav\u201c \u2013 ein Meisterwerk, das armenische Volksmelodien mit avantgardistischer Raffinesse verkn\u00fcpft \u2013 schuf eine emotionale Br\u00fccke, die das Publikum in seinen Bann zog. Kritiken loben ihre F\u00e4higkeit, \u201emit einem gro\u00dfen Klang und feuriger Technik\u201c (New York Times) zu \u00fcberzeugen, sei es in Carnegie Hall oder beim Konzert mit dem M\u00fcnchner Kammerorchester. Gershwin\u2019s schwungvolles \u201eI Got Rhythm\u201c brachte Jazz-Vitalit\u00e4t ins Spiel, w\u00e4hrend Komitas\u2019 Werke die Seele Armeniens zum Klingen brachten. \u201eArmenische Musik ist mein seelisches Zuhause\u201c, erkl\u00e4rte Khachatryan, und ihre Hingabe spiegelte sich in jedem Ton.<\/p>\n<p dir=\"auto\">Die Synchronit\u00e4t der beiden K\u00fcnstlerinnen war magisch \u2013 \u201eWir atmen zusammen\u201c, beschrieb Khachatryan treffend. Ihr Zusammenspiel, gepr\u00e4gt von gegenseitigem Respekt und k\u00fcnstlerischem Gleichklang, verwandelte das Konzert in eine Reise durch Geschichte und Gef\u00fchl. Von der kraftvollen Dramatik Wagners bis zur zarten Intimit\u00e4t armenischer Lieder schufen sie eine Atmosph\u00e4re, die das Publikum in Staunen versetzte. Ein Abend, der bewies, dass Musik nicht nur unterh\u00e4lt, sondern Kulturen vereint und Seelen ber\u00fchrt.<\/p>\n<\/div><div class=\"fusion-separator fusion-full-width-sep\" style=\"align-self: center;margin-left: auto;margin-right: auto;margin-top:15px;margin-bottom:15px;width:100%;\"><div class=\"fusion-separator-border sep-single\" style=\"--awb-height:20px;--awb-amount:20px;border-color:#ffac00;border-top-width:1px;\"><\/div><\/div><div class=\"fusion-image-element\" style=\"text-align:center;--awb-caption-title-font-family:var(--h2_typography-font-family);--awb-caption-title-font-weight:var(--h2_typography-font-weight);--awb-caption-title-font-style:var(--h2_typography-font-style);--awb-caption-title-size:var(--h2_typography-font-size);--awb-caption-title-transform:var(--h2_typography-text-transform);--awb-caption-title-line-height:var(--h2_typography-line-height);--awb-caption-title-letter-spacing:var(--h2_typography-letter-spacing);\"><span class=\"fusion-imageframe imageframe-none imageframe-2 hover-type-none\"><img decoding=\"async\" width=\"800\" height=\"534\" title=\"Karine Babajanyan &#8211; Lusine Khachatryan\" src=\"https:\/\/agbw.org\/wp-content\/uploads\/2025\/10\/Design-ohne-Titel-4-800x534.png\" alt class=\"img-responsive wp-image-21602\" srcset=\"https:\/\/agbw.org\/wp-content\/uploads\/2025\/10\/Design-ohne-Titel-4-200x133.png 200w, https:\/\/agbw.org\/wp-content\/uploads\/2025\/10\/Design-ohne-Titel-4-400x267.png 400w, https:\/\/agbw.org\/wp-content\/uploads\/2025\/10\/Design-ohne-Titel-4-600x400.png 600w, https:\/\/agbw.org\/wp-content\/uploads\/2025\/10\/Design-ohne-Titel-4-800x534.png 800w, https:\/\/agbw.org\/wp-content\/uploads\/2025\/10\/Design-ohne-Titel-4-1200x801.png 1200w\" sizes=\"(max-width: 1024px) 100vw, (max-width: 640px) 100vw, 1200px\" \/><\/span><\/div><div class=\"fusion-separator fusion-full-width-sep\" style=\"align-self: center;margin-left: auto;margin-right: auto;margin-top:15px;margin-bottom:15px;width:100%;\"><div class=\"fusion-separator-border sep-single\" style=\"--awb-height:20px;--awb-amount:20px;border-color:#ffac00;border-top-width:1px;\"><\/div><\/div><div class=\"fusion-text fusion-text-3\"><p dir=\"auto\">Die Armenischen Kulturtage bieten bis zum 26. Oktober weitere Highlights: Lesungen, Ausstellungen und Workshops in Stuttgart und G\u00f6ppingen. Die Veranstaltung unterstreicht die Rolle der Diaspora als lebendige Br\u00fccke zwischen Vergangenheit und Zukunft. \u201eMusik und Dialog verbinden Menschen\u201c, fasste Babajanyan zusammen. Die Kulturtage laden ein, diese Verbindung zu erleben \u2013 ein kulturelles Fest, das Stuttgart bereichert.<\/p>\n<p dir=\"auto\">Weitere Informationen und das vollst\u00e4ndige Programm<br \/>\nfinden Sie unter <a href=\"https:\/\/armenische-kulturtage-stuttgart.de\/\" target=\"_blank\" rel=\"noopener noreferrer nofollow\">armenische-kulturtage-stuttgart.de<\/a>.<\/p>\n<\/div><\/div><\/div><\/div><\/div>","protected":false},"excerpt":{"rendered":"","protected":false},"author":1,"featured_media":21599,"comment_status":"closed","ping_status":"closed","sticky":false,"template":"","format":"standard","meta":{"footnotes":""},"categories":[142],"tags":[333,840,841],"class_list":["post-21598","post","type-post","status-publish","format-standard","has-post-thumbnail","hentry","category-aktuell","tag-armenische-kulturtage-stuttgart","tag-eroeffnung-der-armenischen-kulturtage-stuttgart","tag-eroeffnungsveranstaltung-kulturtage-2025"],"_links":{"self":[{"href":"https:\/\/agbw.org\/am\/wp-json\/wp\/v2\/posts\/21598","targetHints":{"allow":["GET"]}}],"collection":[{"href":"https:\/\/agbw.org\/am\/wp-json\/wp\/v2\/posts"}],"about":[{"href":"https:\/\/agbw.org\/am\/wp-json\/wp\/v2\/types\/post"}],"author":[{"embeddable":true,"href":"https:\/\/agbw.org\/am\/wp-json\/wp\/v2\/users\/1"}],"replies":[{"embeddable":true,"href":"https:\/\/agbw.org\/am\/wp-json\/wp\/v2\/comments?post=21598"}],"version-history":[{"count":2,"href":"https:\/\/agbw.org\/am\/wp-json\/wp\/v2\/posts\/21598\/revisions"}],"predecessor-version":[{"id":21606,"href":"https:\/\/agbw.org\/am\/wp-json\/wp\/v2\/posts\/21598\/revisions\/21606"}],"wp:featuredmedia":[{"embeddable":true,"href":"https:\/\/agbw.org\/am\/wp-json\/wp\/v2\/media\/21599"}],"wp:attachment":[{"href":"https:\/\/agbw.org\/am\/wp-json\/wp\/v2\/media?parent=21598"}],"wp:term":[{"taxonomy":"category","embeddable":true,"href":"https:\/\/agbw.org\/am\/wp-json\/wp\/v2\/categories?post=21598"},{"taxonomy":"post_tag","embeddable":true,"href":"https:\/\/agbw.org\/am\/wp-json\/wp\/v2\/tags?post=21598"}],"curies":[{"name":"wp","href":"https:\/\/api.w.org\/{rel}","templated":true}]}}