{"id":21612,"date":"2025-10-21T09:38:15","date_gmt":"2025-10-21T07:38:15","guid":{"rendered":"https:\/\/agbw.org\/?p=21612"},"modified":"2025-10-21T09:38:15","modified_gmt":"2025-10-21T07:38:15","slug":"einladung-zum-kirchfest-der-hl-kreuz-kirche-in-goeppingen","status":"publish","type":"post","link":"https:\/\/agbw.org\/am\/2025\/einladung-zum-kirchfest-der-hl-kreuz-kirche-in-goeppingen\/","title":{"rendered":"Einladung zum Kirchfest der Hl. Kreuz Kirche in G\u00f6ppingen"},"content":{"rendered":"<div class=\"fusion-fullwidth fullwidth-box fusion-builder-row-1 fusion-flex-container has-pattern-background has-mask-background nonhundred-percent-fullwidth non-hundred-percent-height-scrolling\" style=\"--awb-border-radius-top-left:0px;--awb-border-radius-top-right:0px;--awb-border-radius-bottom-right:0px;--awb-border-radius-bottom-left:0px;--awb-flex-wrap:wrap;\" ><div class=\"fusion-builder-row fusion-row fusion-flex-align-items-flex-start fusion-flex-content-wrap\" style=\"max-width:1248px;margin-left: calc(-4% \/ 2 );margin-right: calc(-4% \/ 2 );\"><div class=\"fusion-layout-column fusion_builder_column fusion-builder-column-0 fusion_builder_column_1_1 1_1 fusion-flex-column\" style=\"--awb-bg-size:cover;--awb-width-large:100%;--awb-margin-top-large:0px;--awb-spacing-right-large:1.92%;--awb-margin-bottom-large:20px;--awb-spacing-left-large:1.92%;--awb-width-medium:100%;--awb-order-medium:0;--awb-spacing-right-medium:1.92%;--awb-spacing-left-medium:1.92%;--awb-width-small:100%;--awb-order-small:0;--awb-spacing-right-small:1.92%;--awb-spacing-left-small:1.92%;\"><div class=\"fusion-column-wrapper fusion-column-has-shadow fusion-flex-justify-content-flex-start fusion-content-layout-column\"><div class=\"fusion-title title fusion-title-1 fusion-sep-none fusion-title-text fusion-title-size-one\" style=\"--awb-margin-top-small:10px;--awb-margin-right-small:0px;--awb-margin-bottom-small:10px;--awb-margin-left-small:0px;\"><h1 class=\"fusion-title-heading title-heading-left fusion-responsive-typography-calculated\" style=\"margin:0;--fontSize:35;line-height:1.2;\"><p dir=\"auto\">Einladung zum Gyut Khatsch (Auffindung des Hl. Kreuzes) in G\u00f6ppingen:<\/p><\/h1><\/div><div class=\"fusion-title title fusion-title-2 fusion-sep-none fusion-title-text fusion-title-size-two\" style=\"--awb-margin-top-small:10px;--awb-margin-right-small:0px;--awb-margin-bottom-small:10px;--awb-margin-left-small:0px;\"><h2 class=\"fusion-title-heading title-heading-left fusion-responsive-typography-calculated\" style=\"margin:0;--fontSize:28;line-height:1.2;\"><p dir=\"auto\">Mataghorhnutyun und Gemeindefest mit Bischof Serovpe und Bischof Armasch.<\/p><\/h2><\/div><div class=\"fusion-text fusion-text-1\"><p dir=\"auto\">Die Armenische Gemeinde Baden-W\u00fcrttemberg l\u00e4dt Sie herzlich zum Kirchfest der Hl. Kreuz Kirche in G\u00f6ppingen ein, das am Sonntag, den <strong>26. Oktober 2025<\/strong>, stattfinden wird. Dieses besondere Ereignis markiert den Abschluss der Armenischen Kulturtage Stuttgart und feiert zugleich das Fest der Auffindung des Heiligen Kreuzes. Es ist eine wunderbare Gelegenheit, die reiche armenische Kultur und Spiritualit\u00e4t zu erleben \u2013 und wir hei\u00dfen alle herzlich willkommen, Teil dieses festlichen Tages zu sein!<\/p>\n<hr \/>\n<p dir=\"auto\"><img decoding=\"async\" class=\"size-fusion-600 wp-image-21613 aligncenter\" src=\"https:\/\/agbw.org\/wp-content\/uploads\/2025\/10\/Black-and-White-Vintage-Newspaper-50th-Wedding-Anniversary-Invitation-600x846.png\" alt=\"\" width=\"600\" height=\"846\" srcset=\"https:\/\/agbw.org\/wp-content\/uploads\/2025\/10\/Black-and-White-Vintage-Newspaper-50th-Wedding-Anniversary-Invitation-9x12.png 9w, https:\/\/agbw.org\/wp-content\/uploads\/2025\/10\/Black-and-White-Vintage-Newspaper-50th-Wedding-Anniversary-Invitation-200x282.png 200w, https:\/\/agbw.org\/wp-content\/uploads\/2025\/10\/Black-and-White-Vintage-Newspaper-50th-Wedding-Anniversary-Invitation-213x300.png 213w, https:\/\/agbw.org\/wp-content\/uploads\/2025\/10\/Black-and-White-Vintage-Newspaper-50th-Wedding-Anniversary-Invitation-400x564.png 400w, https:\/\/agbw.org\/wp-content\/uploads\/2025\/10\/Black-and-White-Vintage-Newspaper-50th-Wedding-Anniversary-Invitation-600x846.png 600w, https:\/\/agbw.org\/wp-content\/uploads\/2025\/10\/Black-and-White-Vintage-Newspaper-50th-Wedding-Anniversary-Invitation-726x1024.png 726w, https:\/\/agbw.org\/wp-content\/uploads\/2025\/10\/Black-and-White-Vintage-Newspaper-50th-Wedding-Anniversary-Invitation-768x1083.png 768w, https:\/\/agbw.org\/wp-content\/uploads\/2025\/10\/Black-and-White-Vintage-Newspaper-50th-Wedding-Anniversary-Invitation-800x1128.png 800w, https:\/\/agbw.org\/wp-content\/uploads\/2025\/10\/Black-and-White-Vintage-Newspaper-50th-Wedding-Anniversary-Invitation-1090x1536.png 1090w, https:\/\/agbw.org\/wp-content\/uploads\/2025\/10\/Black-and-White-Vintage-Newspaper-50th-Wedding-Anniversary-Invitation-1200x1692.png 1200w, https:\/\/agbw.org\/wp-content\/uploads\/2025\/10\/Black-and-White-Vintage-Newspaper-50th-Wedding-Anniversary-Invitation.png 1240w\" sizes=\"(max-width: 600px) 100vw, 600px\" \/><\/p>\n<hr \/>\n<p dir=\"auto\">Die Heilige Liturgie \u2013 <strong>Surb Patarag<\/strong> \u2013 beginnt um <strong>12:00 Uhr<\/strong> im Evang. Gemeindezentrum Bartenbach (Fehlhalde 4, 73035 G\u00f6ppingen). Zelebriert wird sie von S. E. Bischof <strong>Armash Nalbandian<\/strong>, dem Primas von Damaskus, unter dem Vorsitz von S. E. Bischof <strong>Serovp\u00e9 Isakhanyan<\/strong>, dem Primas unserer Di\u00f6zese in Deutschland. Bischof Armash bringt eine besondere Geschichte mit: Als Stipendiat des Diakonischen Werkes studierte er evangelische Theologie in Erlangen und katholische Theologie in T\u00fcbingen. Bevor er zum Bischof geweiht wurde, war er der erste offizielle Gemeindepfarrer der Armenischen Gemeinden von Baden-W\u00fcrttemberg und Bayern.<\/p>\n<p dir=\"auto\">Die <strong><a href=\"https:\/\/agbw.org\/am\/heimat-schaffen\/\" target=\"_blank\" rel=\"noopener\">Hl. Kreuz Kirche<\/a>,<\/strong> seit \u00fcber 40 Jahren ein spirituelles Zentrum der armenischen Gemeinde in W\u00fcrttemberg, befindet sich derzeit in einer umfassenden Sanierung. Dieses Kirchfest ist daher nicht nur ein Ausdruck von Glauben und Gemeinschaft, sondern auch ein Zeichen der Hoffnung f\u00fcr die Zukunft: eine erneuerte Kirche, die kommenden Generationen als Ort der Begegnung dient. Die Liturgie wird erf\u00fcllt sein von den Kl\u00e4ngen traditioneller armenischer Hymnen, dem Duft von Weihrauch und der W\u00e4rme einer einladenden Gemeinde.<\/p>\n<p dir=\"auto\">Im Anschluss an die Eucharistie laden wir zum traditionellen <a href=\"https:\/\/agbw.org\/am\/2025\/madaghorhnutyun\/\" target=\"_blank\" rel=\"noopener\"><strong>Madaghorhnutyun (Madagh)<\/strong><\/a> ein, bei dem gesegnetes Essen verteilt wird. Dieser Brauch verbindet Dankbarkeit gegen\u00fcber Gott mit t\u00e4tiger Barmherzigkeit und ist ein lebendiges Symbol armenischer Spiritualit\u00e4t. Es ist ein Moment des Teilens, der alle Anwesenden \u2013 ob Mitglieder der Gemeinde oder G\u00e4ste \u2013 verbindet.<\/p>\n<p dir=\"auto\">Wir \u00f6ffnen unsere T\u00fcren f\u00fcr alle, die neugierig auf die armenische Kultur sind oder einfach einen Moment der Besinnung und Gemeinschaft erleben m\u00f6chten. Kommen Sie vorbei, lassen Sie sich von der feierlichen Atmosph\u00e4re inspirieren und kn\u00fcpfen Sie neue Kontakte in einer herzlichen Gemeinschaft.<\/p>\n<p dir=\"auto\"><strong>Ein Aufruf zur Unterst\u00fctzung<\/strong>: Die <strong><a href=\"https:\/\/agbw.org\/am\/spenden-heimat-schaffen\/\" target=\"_blank\" rel=\"noopener\">Sanierung der Heilig-Kreuz-Kirche<\/a><\/strong> ist ein Herzensprojekt, das nur mit Ihrer Hilfe gelingen kann. Wir bitten Sie daher, unsere Gemeinde mit einer Spende zu unterst\u00fctzen. Jeder Beitrag hilft, dieses spirituelle und kulturelle Zentrum zu erhalten und zuk\u00fcnftigen Generationen zug\u00e4nglich zu machen. Spenden k\u00f6nnen vor Ort oder \u00fcber die Kan\u00e4le der Armenischen Gemeinde Baden-W\u00fcrttemberg get\u00e4tigt werden.<\/p>\n<p dir=\"auto\"><strong>Wann?<\/strong> Sonntag, 26. Oktober 2025, 12:00\u201314:00 Uhr<br \/>\n<strong>Wo?<\/strong> Evang. Gemeindezentrum Bartenbach, Fehlhalde 4, 73035 G\u00f6ppingen<br \/>\n<strong>Was?<\/strong> Heilige Liturgie (Surb Patarag) und Madagh<\/p>\n<p dir=\"auto\">F\u00fcgen Sie den Termin zu Ihrem Kalender hinzu (ICS-Download oder Google Kalender verf\u00fcgbar) und seien Sie dabei, wenn wir gemeinsam Glauben, Kultur und Gemeinschaft feiern. Lassen Sie uns diesen Sonntag zu einem unvergesslichen Tag der Einheit und Hoffnung machen!<\/p>\n<\/div><div class=\"fusion-separator fusion-full-width-sep\" style=\"align-self: center;margin-left: auto;margin-right: auto;margin-top:15px;margin-bottom:15px;width:100%;\"><div class=\"fusion-separator-border sep-single\" style=\"--awb-height:20px;--awb-amount:20px;border-color:#ffac00;border-top-width:1px;\"><\/div><\/div><div class=\"fusion-text fusion-text-2\"><div class=\"video-shortcode\">\n<blockquote class=\"wp-embedded-content\" data-secret=\"MVPO97ylzQ\">\n<p><a href=\"https:\/\/agbw.org\/am\/events\/%d5%bd%d5%b8%d6%82%d6%80%d5%a2-%d5%ba%d5%a1%d5%bf%d5%a1%d6%80%d5%a1%d5%a3-surb-patarag-26-10-2025\/\">\u054d\u0578\u0582\u0580\u0562 \u054a\u0561\u057f\u0561\u0580\u0561\u0563 \/ Surb Patarag<\/a><\/p>\n<\/blockquote>\n<p><iframe class=\"wp-embedded-content\" sandbox=\"allow-scripts\" security=\"restricted\" style=\"position: absolute; visibility: hidden;\" title=\"&#8222;\u054d\u0578\u0582\u0580\u0562 \u054a\u0561\u057f\u0561\u0580\u0561\u0563 \/ Surb Patarag&#8220; &#8212; Armenische Gemeinde Baden-W\u00fcrttemberg\" src=\"https:\/\/agbw.org\/events\/%d5%bd%d5%b8%d6%82%d6%80%d5%a2-%d5%ba%d5%a1%d5%bf%d5%a1%d6%80%d5%a1%d5%a3-surb-patarag-26-10-2025\/embed\/#?secret=3Nk6M8NhF1#?secret=MVPO97ylzQ\" data-secret=\"MVPO97ylzQ\" width=\"600\" height=\"338\" frameborder=\"0\" marginwidth=\"0\" marginheight=\"0\" scrolling=\"no\"><\/iframe><\/div>\n<\/div><\/div><\/div><\/div><\/div>","protected":false},"excerpt":{"rendered":"","protected":false},"author":1,"featured_media":21536,"comment_status":"closed","ping_status":"closed","sticky":false,"template":"","format":"standard","meta":{"footnotes":""},"categories":[142,58],"tags":[213,844,326,846,845],"class_list":["post-21612","post","type-post","status-publish","format-standard","has-post-thumbnail","hentry","category-aktuell","category-allgemein","tag-armenische-gemeinde-baden-wuerttemberg","tag-bischof-armash","tag-bischof-serovpe","tag-kirchenfest","tag-matagh"],"_links":{"self":[{"href":"https:\/\/agbw.org\/am\/wp-json\/wp\/v2\/posts\/21612","targetHints":{"allow":["GET"]}}],"collection":[{"href":"https:\/\/agbw.org\/am\/wp-json\/wp\/v2\/posts"}],"about":[{"href":"https:\/\/agbw.org\/am\/wp-json\/wp\/v2\/types\/post"}],"author":[{"embeddable":true,"href":"https:\/\/agbw.org\/am\/wp-json\/wp\/v2\/users\/1"}],"replies":[{"embeddable":true,"href":"https:\/\/agbw.org\/am\/wp-json\/wp\/v2\/comments?post=21612"}],"version-history":[{"count":2,"href":"https:\/\/agbw.org\/am\/wp-json\/wp\/v2\/posts\/21612\/revisions"}],"predecessor-version":[{"id":21615,"href":"https:\/\/agbw.org\/am\/wp-json\/wp\/v2\/posts\/21612\/revisions\/21615"}],"wp:featuredmedia":[{"embeddable":true,"href":"https:\/\/agbw.org\/am\/wp-json\/wp\/v2\/media\/21536"}],"wp:attachment":[{"href":"https:\/\/agbw.org\/am\/wp-json\/wp\/v2\/media?parent=21612"}],"wp:term":[{"taxonomy":"category","embeddable":true,"href":"https:\/\/agbw.org\/am\/wp-json\/wp\/v2\/categories?post=21612"},{"taxonomy":"post_tag","embeddable":true,"href":"https:\/\/agbw.org\/am\/wp-json\/wp\/v2\/tags?post=21612"}],"curies":[{"name":"wp","href":"https:\/\/api.w.org\/{rel}","templated":true}]}}