{"id":21903,"date":"2026-01-20T09:02:08","date_gmt":"2026-01-20T08:02:08","guid":{"rendered":"https:\/\/agbw.org\/?p=21903"},"modified":"2026-01-20T09:02:08","modified_gmt":"2026-01-20T08:02:08","slug":"ein-leib-und-ein-geist","status":"publish","type":"post","link":"https:\/\/agbw.org\/am\/2026\/ein-leib-und-ein-geist\/","title":{"rendered":"\u201eEin Leib und ein Geist\u201c"},"content":{"rendered":"<div class=\"fusion-fullwidth fullwidth-box fusion-builder-row-1 fusion-flex-container has-pattern-background has-mask-background nonhundred-percent-fullwidth non-hundred-percent-height-scrolling\" style=\"--awb-border-radius-top-left:0px;--awb-border-radius-top-right:0px;--awb-border-radius-bottom-right:0px;--awb-border-radius-bottom-left:0px;--awb-flex-wrap:wrap;\" ><div class=\"fusion-builder-row fusion-row fusion-flex-align-items-flex-start fusion-flex-content-wrap\" style=\"max-width:1248px;margin-left: calc(-4% \/ 2 );margin-right: calc(-4% \/ 2 );\"><div class=\"fusion-layout-column fusion_builder_column fusion-builder-column-0 fusion_builder_column_1_1 1_1 fusion-flex-column\" style=\"--awb-bg-size:cover;--awb-width-large:100%;--awb-margin-top-large:0px;--awb-spacing-right-large:1.92%;--awb-margin-bottom-large:20px;--awb-spacing-left-large:1.92%;--awb-width-medium:100%;--awb-order-medium:0;--awb-spacing-right-medium:1.92%;--awb-spacing-left-medium:1.92%;--awb-width-small:100%;--awb-order-small:0;--awb-spacing-right-small:1.92%;--awb-spacing-left-small:1.92%;\"><div class=\"fusion-column-wrapper fusion-column-has-shadow fusion-flex-justify-content-flex-start fusion-content-layout-column\"><div class=\"fusion-title title fusion-title-1 fusion-sep-none fusion-title-text fusion-title-size-one\" style=\"--awb-margin-top-small:10px;--awb-margin-right-small:0px;--awb-margin-bottom-small:10px;--awb-margin-left-small:0px;\"><h1 class=\"fusion-title-heading title-heading-left fusion-responsive-typography-calculated\" style=\"margin:0;--fontSize:35;line-height:1.2;\">\u201eEin Leib und ein Geist\u201c<\/h1><\/div><div class=\"fusion-title title fusion-title-2 fusion-sep-none fusion-title-text fusion-title-size-two\" style=\"--awb-margin-top-small:10px;--awb-margin-right-small:0px;--awb-margin-bottom-small:10px;--awb-margin-left-small:0px;\"><h2 class=\"fusion-title-heading title-heading-left fusion-responsive-typography-calculated\" style=\"margin:0;--fontSize:28;line-height:1.2;\">Nachklang einer \u00f6kumenischen Stunde in Freiburg<\/h2><\/div><div class=\"fusion-text fusion-text-1\"><p data-start=\"133\" data-end=\"712\">Im Geist der universalen Kirche und im H\u00f6ren auf das Wort des Apostels Paulus \u2013 <em data-start=\"213\" data-end=\"302\">\u201eEin Leib und ein Geist, wie ihr auch berufen seid zu einer Hoffnung in eurer Berufung\u201c<\/em> (<a href=\"https:\/\/www.bibleserver.com\/EU\/Epheser4%2C4\" class=\"bibleserver extern\" target=\"_blank\">Eph 4,4<\/a>), wurde am 16. Januar 2026 in Freiburg im Breisgau die diesj\u00e4hrige Gebetswoche f\u00fcr die Einheit der Christen feierlich er\u00f6ffnet. Der \u00f6kumenische Gottesdienst in der <strong data-start=\"477\" data-end=\"518\"><span class=\"hover:entity-accent entity-underline inline cursor-pointer align-baseline\"><span class=\"whitespace-normal\">Alt-katholische Kirche St. Ursula<\/span><\/span><\/strong> stand exemplarisch f\u00fcr das geistliche Anliegen dieser weltweiten Initiative: die sichtbare Einheit der Christen nicht als fernes Ideal, sondern als gegenw\u00e4rtige Berufung der Kirche zu bezeugen.<\/p>\n<h3 data-start=\"714\" data-end=\"755\">Armenische Impulse f\u00fcr die Weltkirche<\/h3>\n<p data-start=\"757\" data-end=\"1281\">Die Gebetswoche 2026 ist in besonderer Weise von der geistlichen Tradition Armeniens gepr\u00e4gt. Die Materialien wurden von Christinnen und Christen der <strong data-start=\"907\" data-end=\"948\"><span class=\"hover:entity-accent entity-underline inline cursor-pointer align-baseline\"><span class=\"whitespace-normal\">Armenisch-Apostolische Kirche<\/span><\/span><\/strong> gemeinsam mit Vertretern der Armenisch-Katholischen und der Evangelischen Kirche erarbeitet. Sie entstanden am Muttersitz des Heiligen Etschmiadsin, dem historischen Zentrum der armenischen Kirche, und sch\u00f6pfen aus einem reichen Erbe von Gebeten, Hymnen und theologischer Reflexion, das bis in die fr\u00fchchristliche Zeit zur\u00fcckreicht.<\/p>\n<p data-start=\"1283\" data-end=\"1771\">Dieses Erbe wurde im Freiburger Gottesdienst nicht nur zitiert, sondern liturgisch erfahrbar gemacht. Die Lichtsymbolik, inspiriert vom armenischen Sonnenaufgangsgebet des heiligen Nerses des Gn\u00e4digen, verwies auf Christus als \u201eLicht vom Licht\u201c \u2013 eine Formulierung des niz\u00e4nischen Glaubensbekenntnisses, die in diesem Jahr bewusst in den Mittelpunkt gestellt wurde. So verband sich alte orientalische Spiritualit\u00e4t mit der \u00f6kumenischen Wirklichkeit einer mitteleurop\u00e4ischen Stadtgemeinde.<\/p>\n<h3 data-start=\"1773\" data-end=\"1822\">Einheit in Vielfalt und gemeinsames Zeugnis<\/h3>\n<p data-start=\"1824\" data-end=\"2493\">Der Gottesdienst versammelte Vertreter verschiedener christlicher Kirchen und Traditionen. Mitwirkende waren <strong data-start=\"1933\" data-end=\"1974\"><span class=\"hover:entity-accent entity-underline inline cursor-pointer align-baseline\"><span class=\"whitespace-normal\">Marc Witzenbacher<\/span><\/span><\/strong>, Pr\u00e4lat der Evangelischen Landeskirche in Baden, <strong data-start=\"2024\" data-end=\"2065\"><span class=\"hover:entity-accent entity-underline inline cursor-pointer align-baseline\"><span class=\"whitespace-normal\">Peter Birkhofer<\/span><\/span><\/strong>, Weihbischof der Erzdi\u00f6zese Freiburg, sowie <strong data-start=\"2110\" data-end=\"2151\"><span class=\"hover:entity-accent entity-underline inline cursor-pointer align-baseline\"><span class=\"whitespace-normal\">Diradur Sardaryan<\/span><\/span><\/strong>, Pfarrer der armenischen Gemeinde in Baden-W\u00fcrttemberg. Gemeinsam mit Vertreterinnen und Vertretern der <strong data-start=\"2256\" data-end=\"2297\"><span class=\"hover:entity-accent entity-underline inline cursor-pointer align-baseline\"><span class=\"whitespace-normal\">ACK Freiburg<\/span><\/span><\/strong> brachten sie zum Ausdruck, dass die Einheit der Kirche nicht im Aufgeben konfessioneller Identit\u00e4t besteht, sondern im gemeinsamen Bekenntnis zu Christus und im Wirken desselben Heiligen Geistes.<\/p>\n<p data-start=\"2495\" data-end=\"2930\">In Gebet, Schriftlesung und F\u00fcrbitte wurde deutlich, dass \u00f6kumenische Einheit stets auch eine Verantwortung f\u00fcr die Welt einschlie\u00dft. Die Gebete um Frieden, insbesondere f\u00fcr die Menschen in Armenien und Arzach, aber auch f\u00fcr alle von Krieg, Gewalt und Vertreibung Betroffenen, unterstrichen den universalen Horizont kirchlichen Handelns. Einheit, so wurde sp\u00fcrbar, ist untrennbar mit dem Zeugnis der Liebe und der Hoffnung verbunden.<\/p>\n<h3 data-start=\"2932\" data-end=\"2976\">Die eine Hoffnung als Auftrag der Kirche<\/h3>\n<p data-start=\"2978\" data-end=\"3471\">Das Leitwort aus dem Epheserbrief lenkt den Blick auf die \u201eeine Hoffnung\u201c, zu der alle Christen berufen sind. Diese Hoffnung ist nicht abstrakt, sondern konkret verankert in der Taufe, im gemeinsamen Glauben und im Auftrag der Kirche, das Evangelium zu verk\u00fcnden. Der Freiburger Gottesdienst machte sichtbar, dass diese Hoffnung auch heute tragf\u00e4hig ist: als geistliche Ressource in einer von Spaltungen gepr\u00e4gten Welt, als Quelle der Vers\u00f6hnung und als Antrieb f\u00fcr \u00f6kumenische Zusammenarbeit.<\/p>\n<p data-start=\"3473\" data-end=\"3785\">F\u00fcr die <strong data-start=\"3481\" data-end=\"3522\"><span class=\"hover:entity-accent entity-underline inline cursor-pointer align-baseline\"><span class=\"whitespace-normal\">Armenische Gemeinde Baden-W\u00fcrttemberg<\/span><\/span><\/strong> war die Mitgestaltung dieses Gottesdienstes ein Ausdruck ihrer lebendigen Verbundenheit mit der Weltkirche. Die armenische Tradition erwies sich dabei nicht als historisches Relikt, sondern als geistliche Gabe, die den \u00f6kumenischen Weg aller Christen bereichert, in diesem Fall, u.a. mit der wunderbaren Stimme von der Kantorin der Gemeinde Lilit K\u00e4rcher Sargsyan.<\/p>\n<h3 data-start=\"3787\" data-end=\"3799\">Ausblick<\/h3>\n<p data-start=\"3801\" data-end=\"4212\">Die Gebetswoche f\u00fcr die Einheit der Christen 2026 setzt mit ihrem armenischen Schwerpunkt ein deutliches Zeichen: Die Kirche lebt aus einem gemeinsamen Ursprung und geht einer gemeinsamen Hoffnung entgegen. Der \u00f6kumenische Gottesdienst in Freiburg war ein sichtbarer Ausdruck dieser Wahrheit, und zugleich eine Einladung, den eingeschlagenen Weg der Ann\u00e4herung, des Gebets und der Zusammenarbeit weiterzugehen.<\/p>\n<\/div><div class=\"fusion-separator fusion-full-width-sep\" style=\"align-self: center;margin-left: auto;margin-right: auto;margin-top:15px;margin-bottom:15px;width:100%;\"><div class=\"fusion-separator-border sep-single\" style=\"--awb-height:20px;--awb-amount:20px;border-color:#ffac00;border-top-width:1px;\"><\/div><\/div><iframe src=\"https:\/\/www.ardmediathek.de\/embed\/Y3JpZDovL3N3ci5kZS9hZXgvbzIyOTM3MDg?startTime=712.00&endTime=755.00\" width=\"640\" height=\"360\" allowfullscreen allow=\"clipboard-read; clipboard-write\" frameborder=\"0\" scrolling=\"no\"><\/iframe><div class=\"fusion-separator fusion-full-width-sep\" style=\"align-self: center;margin-left: auto;margin-right: auto;margin-top:15px;margin-bottom:15px;width:100%;\"><div class=\"fusion-separator-border sep-single\" style=\"--awb-height:20px;--awb-amount:20px;border-color:#ffac00;border-top-width:1px;\"><\/div><\/div><div class=\"fusion-title title fusion-title-3 fusion-sep-none fusion-title-text fusion-title-size-three\" style=\"--awb-margin-top-small:10px;--awb-margin-right-small:0px;--awb-margin-bottom-small:10px;--awb-margin-left-small:0px;\"><h3 class=\"fusion-title-heading title-heading-left fusion-responsive-typography-calculated\" style=\"margin:0;--fontSize:23;--minFontSize:23;line-height:1.2;\"><h3>Hintergrundinformationen zur Gebetswoche 2026<\/h3><\/h3><\/div><div class=\"fusion-text fusion-text-2\"><article class=\"text-token-text-primary w-full focus:outline-none &#091;--shadow-height:45px&#093; has-data-writing-block:pointer-events-none has-data-writing-block:-mt-(--shadow-height) has-data-writing-block:pt-(--shadow-height) &#091;&amp;:has(&#091;data-writing-block&#093;)&gt;*&#093;:pointer-events-auto scroll-mt-&#091;calc(var(--header-height)+min(200px,max(70px,20svh)))&#093;\" dir=\"auto\" tabindex=\"-1\" data-turn-id=\"request-WEB:85f170fa-0fbe-4cbd-9eec-b6580c76d39a-52\" data-testid=\"conversation-turn-4\" data-scroll-anchor=\"false\" data-turn=\"assistant\">\n<div class=\"text-base my-auto mx-auto &#091;--thread-content-margin:--spacing(4)&#093; @w-sm\/main:&#091;--thread-content-margin:--spacing(6)&#093; @w-lg\/main:&#091;--thread-content-margin:--spacing(16)&#093; px-(--thread-content-margin)\">\n<div class=\"&#091;--thread-content-max-width:40rem&#093; @w-lg\/main:&#091;--thread-content-max-width:48rem&#093; mx-auto max-w-(--thread-content-max-width) flex-1 group\/turn-messages focus-visible:outline-hidden relative flex w-full min-w-0 flex-col agent-turn\" tabindex=\"-1\">\n<div class=\"flex max-w-full flex-col grow\">\n<div class=\"min-h-8 text-message relative flex w-full flex-col items-end gap-2 text-start break-words whitespace-normal &#091;.text-message+&amp;&#093;:mt-1\" dir=\"auto\" data-message-author-role=\"assistant\" data-message-id=\"4b35c94f-a104-4193-b918-de506df167de\" data-message-model-slug=\"gpt-5-2\">\n<div class=\"flex w-full flex-col gap-1 empty:hidden first:pt-&#091;1px&#093;\">\n<div class=\"markdown prose dark:prose-invert w-full break-words light markdown-new-styling\">\n<p data-start=\"0\" data-end=\"387\" data-is-last-node=\"\" data-is-only-node=\"\">Der Text zur Situation in Armenien liefert die historische und aktuelle \u00f6kumenische Kontextualisierung Armeniens der letzten 30 Jahre, von der Renaissance der Armenisch-Apostolischen Kirche \u00fcber die konfessionelle Vielfalt bis hin zu konkreten \u00f6kumenischen und interreligi\u00f6sen Dialogen, als wichtige Hintergrundinformation.<\/p>\n<\/div>\n<\/div>\n<\/div>\n<\/div>\n<\/div>\n<\/div>\n<\/article>\n<\/div><div class=\"_df_book df-container df-loading\"  data-slug=\"text-zur-situation-in-armenien\" data-_slug=\"text-zur-situation-in-armenien\" _slug=\"text-zur-situation-in-armenien\" data-title=\"text-zur-situation-in-armenien\" id=\"df_21908\" data-df-option=\"df_option_21908\" ><\/div><script class=\"df-shortcode-script\" nowprocket type=\"application\/javascript\">window.df_option_21908 = {\"source\":\"https:\\\/\\\/agbw.org\\\/wp-content\\\/uploads\\\/2026\\\/01\\\/Gebetswoche_2026_Anhang_Oekum_Sit_Armenien.pdf\",\"outline\":[],\"overwritePDFOutline\":false,\"pageSize\":\"0\",\"height\":\"auto\",\"slug\":\"text-zur-situation-in-armenien\",\"wpOptions\":\"true\",\"id\":21908}; if(window.DFLIP && window.DFLIP.parseBooks){window.DFLIP.parseBooks();}<\/script><div class=\"fusion-separator fusion-full-width-sep\" style=\"align-self: center;margin-left: auto;margin-right: auto;margin-top:15px;margin-bottom:15px;width:100%;\"><div class=\"fusion-separator-border sep-single\" style=\"--awb-height:20px;--awb-amount:20px;border-color:#ffac00;border-top-width:1px;\"><\/div><\/div><div class=\"fusion-text fusion-text-3\"><article class=\"&quot;text-token-text-primary\" data-writing-block=\"\">\n<p data-start=\"81\" data-end=\"290\">Das <strong data-start=\"85\" data-end=\"155\">Gottesdienstheft zur Gebetswoche f\u00fcr die Einheit der Christen 2026<\/strong> vertieft das bereits bekannte theologische Leitmotiv (\u201eEin Leib und ein Geist \u2026\u201c, <a href=\"https:\/\/www.bibleserver.com\/EU\/Epheser4%2C4\" class=\"bibleserver extern\" target=\"_blank\">Eph 4,4<\/a>) nun liturgisch, spirituell und praktisch:<\/p>\n<ul data-start=\"291\" data-end=\"618\">\n<li data-start=\"291\" data-end=\"377\">\n<p data-start=\"293\" data-end=\"377\">mit der <strong data-start=\"301\" data-end=\"344\">armenisch gepr\u00e4gten Gottesdienstordnung<\/strong> (\u201eLicht vom Licht als Licht\u201c),<\/p>\n<\/li>\n<li data-start=\"378\" data-end=\"433\">\n<p data-start=\"380\" data-end=\"433\">den <strong data-start=\"384\" data-end=\"430\">biblischen Meditationen f\u00fcr alle acht Tage<\/strong>,<\/p>\n<\/li>\n<li data-start=\"434\" data-end=\"511\">\n<p data-start=\"436\" data-end=\"511\">der <strong data-start=\"440\" data-end=\"508\">theologischen Selbstverortung der Armenisch-Apostolischen Kirche<\/strong>,<\/p>\n<\/li>\n<li data-start=\"512\" data-end=\"618\">\n<p data-start=\"514\" data-end=\"618\">sowie dem klaren <strong>\u00f6kumenischen Horizont<\/strong> (ACK, \u00d6RK, Dikasterium zur F\u00f6rderung der Einheit der Christen).<\/p>\n<\/li>\n<\/ul>\n<\/article>\n<\/div><div class=\"_df_book df-container df-loading\"  data-slug=\"gottesdienstheft-der-gebetswoche-2026\" data-_slug=\"gottesdienstheft-der-gebetswoche-2026\" _slug=\"gottesdienstheft-der-gebetswoche-2026\" data-title=\"gottesdienstheft-der-gebetswoche-2026\" id=\"df_21909\" data-df-option=\"df_option_21909\" ><\/div><script class=\"df-shortcode-script\" nowprocket type=\"application\/javascript\">window.df_option_21909 = {\"source\":\"https:\\\/\\\/agbw.org\\\/wp-content\\\/uploads\\\/2026\\\/01\\\/GeWo_Gottesdienstheft_2026.pdf\",\"outline\":[],\"overwritePDFOutline\":false,\"pageSize\":\"0\",\"slug\":\"gottesdienstheft-der-gebetswoche-2026\",\"wpOptions\":\"true\",\"id\":21909}; if(window.DFLIP && window.DFLIP.parseBooks){window.DFLIP.parseBooks();}<\/script><div class=\"fusion-separator fusion-full-width-sep\" style=\"align-self: center;margin-left: auto;margin-right: auto;margin-top:15px;margin-bottom:15px;width:100%;\"><div class=\"fusion-separator-border sep-single\" style=\"--awb-height:20px;--awb-amount:20px;border-color:#ffac00;border-top-width:1px;\"><\/div><\/div><div class=\"fusion-title title fusion-title-4 fusion-sep-none fusion-title-text fusion-title-size-three\" style=\"--awb-margin-top-small:10px;--awb-margin-right-small:0px;--awb-margin-bottom-small:10px;--awb-margin-left-small:0px;\"><h3 class=\"fusion-title-heading title-heading-left fusion-responsive-typography-calculated\" style=\"margin:0;--fontSize:23;--minFontSize:23;line-height:1.2;\"><h3>Spendenprojekte<\/h3><\/h3><\/div><div class=\"fusion-text fusion-text-4\"><h3>Spendenprojekte<\/h3>\n<p><strong>Projekt 1:<\/strong>\u00a0<a href=\"https:\/\/www.oekumene-ack.de\/fileadmin\/user_upload\/Gebetswoche\/2026\/Spendenprojekt_1_Armenien.pdf\">F\u00f6rderung von Betreuungsangeboten f\u00fcr benachteiligte Kinder im Rahmen von Little-Prince-Zentren in Shirak und Lori, Armenien<\/a><\/p>\n<p><strong>Projekt 2:<\/strong>\u00a0<a href=\"https:\/\/www.oekumene-ack.de\/fileadmin\/user_upload\/Gebetswoche\/2026\/Spendenprojekt_2_Brasilien.pdf\">\u00d6kumenische Zusammenarbeit f\u00fcr Menschen mit Fluchterfahrungen, Brasilien<\/a><\/p>\n<p><strong>Projekt 3:<\/strong>\u00a0<a href=\"https:\/\/www.oekumene-ack.de\/fileadmin\/user_upload\/Gebetswoche\/2026\/Spendenprojekt_3_Republik_Moldau.pdf\">Altern in W\u00fcrde. Pflege- und Sozialdienste f\u00fcr Armutsbetroffene im Tageszentrum \u201cRasarit\u201d in Straseni, Republik Moldau<\/a><\/p>\n<\/div><\/div><\/div><\/div><\/div>","protected":false},"excerpt":{"rendered":"","protected":false},"author":1,"featured_media":21912,"comment_status":"closed","ping_status":"closed","sticky":false,"template":"","format":"standard","meta":{"footnotes":""},"categories":[58,64,378],"tags":[865,866,79],"class_list":["post-21903","post","type-post","status-publish","format-standard","has-post-thumbnail","hentry","category-allgemein","category-gemeinde","category-oekumene","tag-gebetwoche-fuer-die-einheit-der-christen","tag-gewo-2026","tag-oekumene"],"_links":{"self":[{"href":"https:\/\/agbw.org\/am\/wp-json\/wp\/v2\/posts\/21903","targetHints":{"allow":["GET"]}}],"collection":[{"href":"https:\/\/agbw.org\/am\/wp-json\/wp\/v2\/posts"}],"about":[{"href":"https:\/\/agbw.org\/am\/wp-json\/wp\/v2\/types\/post"}],"author":[{"embeddable":true,"href":"https:\/\/agbw.org\/am\/wp-json\/wp\/v2\/users\/1"}],"replies":[{"embeddable":true,"href":"https:\/\/agbw.org\/am\/wp-json\/wp\/v2\/comments?post=21903"}],"version-history":[{"count":3,"href":"https:\/\/agbw.org\/am\/wp-json\/wp\/v2\/posts\/21903\/revisions"}],"predecessor-version":[{"id":21911,"href":"https:\/\/agbw.org\/am\/wp-json\/wp\/v2\/posts\/21903\/revisions\/21911"}],"wp:featuredmedia":[{"embeddable":true,"href":"https:\/\/agbw.org\/am\/wp-json\/wp\/v2\/media\/21912"}],"wp:attachment":[{"href":"https:\/\/agbw.org\/am\/wp-json\/wp\/v2\/media?parent=21903"}],"wp:term":[{"taxonomy":"category","embeddable":true,"href":"https:\/\/agbw.org\/am\/wp-json\/wp\/v2\/categories?post=21903"},{"taxonomy":"post_tag","embeddable":true,"href":"https:\/\/agbw.org\/am\/wp-json\/wp\/v2\/tags?post=21903"}],"curies":[{"name":"wp","href":"https:\/\/api.w.org\/{rel}","templated":true}]}}