{"id":22134,"date":"2026-04-27T19:17:18","date_gmt":"2026-04-27T17:17:18","guid":{"rendered":"https:\/\/agbw.org\/?p=22134"},"modified":"2026-04-27T19:18:03","modified_gmt":"2026-04-27T17:18:03","slug":"gedenktag-am-24-04-2026","status":"publish","type":"post","link":"https:\/\/agbw.org\/am\/2026\/gedenktag-am-24-04-2026\/","title":{"rendered":"Gedenktag am 24.04.2026"},"content":{"rendered":"<div class=\"fusion-fullwidth fullwidth-box fusion-builder-row-1 fusion-flex-container has-pattern-background has-mask-background nonhundred-percent-fullwidth non-hundred-percent-height-scrolling\" style=\"--awb-border-radius-top-left:0px;--awb-border-radius-top-right:0px;--awb-border-radius-bottom-right:0px;--awb-border-radius-bottom-left:0px;--awb-flex-wrap:wrap;\" ><div class=\"fusion-builder-row fusion-row fusion-flex-align-items-flex-start fusion-flex-content-wrap\" style=\"max-width:1248px;margin-left: calc(-4% \/ 2 );margin-right: calc(-4% \/ 2 );\"><div class=\"fusion-layout-column fusion_builder_column fusion-builder-column-0 fusion_builder_column_1_1 1_1 fusion-flex-column\" style=\"--awb-bg-size:cover;--awb-width-large:100%;--awb-margin-top-large:0px;--awb-spacing-right-large:1.92%;--awb-margin-bottom-large:20px;--awb-spacing-left-large:1.92%;--awb-width-medium:100%;--awb-order-medium:0;--awb-spacing-right-medium:1.92%;--awb-spacing-left-medium:1.92%;--awb-width-small:100%;--awb-order-small:0;--awb-spacing-right-small:1.92%;--awb-spacing-left-small:1.92%;\"><div class=\"fusion-column-wrapper fusion-column-has-shadow fusion-flex-justify-content-flex-start fusion-content-layout-column\"><div class=\"fusion-title title fusion-title-1 fusion-sep-none fusion-title-text fusion-title-size-one\" style=\"--awb-margin-top-small:10px;--awb-margin-right-small:0px;--awb-margin-bottom-small:10px;--awb-margin-left-small:0px;\"><h1 class=\"fusion-title-heading title-heading-left fusion-responsive-typography-calculated\" style=\"margin:0;--fontSize:35;line-height:1.2;\"><strong>\u201eNie wieder\u201c darf kein leeres Wort bleiben<\/strong><\/h1><\/div><div class=\"fusion-title title fusion-title-2 fusion-sep-none fusion-title-text fusion-title-size-two\" style=\"--awb-margin-top-small:10px;--awb-margin-right-small:0px;--awb-margin-bottom-small:10px;--awb-margin-left-small:0px;\"><h2 class=\"fusion-title-heading title-heading-left fusion-responsive-typography-calculated\" style=\"margin:0;--fontSize:28;line-height:1.2;\"><p><em>Gedenkveranstaltung in Stuttgart erinnert<br \/>\nan V\u00f6lkermord und mahnt zum Handeln<\/em><\/p><\/h2><\/div><div class=\"fusion-separator fusion-full-width-sep\" style=\"align-self: center;margin-left: auto;margin-right: auto;margin-top:15px;margin-bottom:15px;width:100%;\"><div class=\"fusion-separator-border sep-single\" style=\"--awb-height:20px;--awb-amount:20px;border-color:#ffac00;border-top-width:1px;\"><\/div><\/div><div class=\"fusion-text fusion-text-1\"><p><em>Stuttgart, 24. April \u2013 Auf dem \u00a0Hauptfriedhof Bad Cannstatt legten Hunderte B\u00fcrger gemeinsam mit Politikern, Geistlichen und Vertretern von Gemeinden am Kreuzstein-Mahnmal f\u00fcr die Opfer des Genozid einen Kranz nieder. Es war der Beginn einer Gedenkveranstaltung zum 111. Jahrestag des V\u00f6lkermords an den Armeniern, die mit einer hochrangigen Delegation voran- und am Abend in der Lutherkirche Bad-Cannstatt zu Ende ging. Das Signal, das von diesem 24. April 2026 ausging, war unmissverst\u00e4ndlich: Die Erinnerung an dieses Verbrechen ist nicht verblasst. Und der Druck w\u00e4chst, der blo\u00dfen Anerkennung endlich Taten folgen zu lassen.<\/em><\/p>\n<p>Seit dem 24. April 1915, als das Osmanische Reich mit der Verhaftung und Ermordung von \u00fcber zweihundert armenischen Intellektuellen in Konstantinopel begann, sind 111 Jahre vergangen. Was folgte, war die systematische Vernichtung einer Zivilisation: 1,5 Millionen Armenier, Aram\u00e4er und Pontos-Griechen wurden deportiert, in Todesm\u00e4rsche durch die W\u00fcste getrieben, in Konzentrationslagern ermordet oder dem Hunger und den grassierenden Seuchen anheimgefallen. Am 24. April 1915 begann der erste industriell geplante Genozid des 20. Jahrhunderts.<\/p>\n<p>Bei der Kranzniederlegung am Hauptfriedhof sprach Pfarrer Dr. Diradur Sardaryan, der Gemeindepfarrer der Armenischen Gemeinde Baden-W\u00fcrttemberg. Er benannte drei unmittelbare Anliegen: die sofortige Freilassung armenischer Gefangener in Aserbaidschan, das R\u00fcckkehrrecht der \u00fcber 100.000 Armenier, die im September 2023 aus ihrer Heimat Arzach vertrieben wurden, und klare Ma\u00dfnahmen gegen jene, die diese Verbrechen zu verantworten haben. Unter den Anwesenden waren Minister Manne Lucha, Landtagsabgeordnete und Vertreter der Stadt Stuttgart, der Stuttgarter Plattform Gegen V\u00f6lkermord, sowie Vertreter des Armenischen Kulturvereins Stuttgart und des Noah e.V. zur F\u00f6rderung der deutsch-armenischen Kulturbeziehungen.<\/p>\n<p>Sardaryan erinnerte daran, dass nur drei Tage vor dieser Gedenkveranstaltung bekannt geworden war, dass die Kathedrale der Heiligen Muttergottes in Stepanakert dem Erdboden gleichgemacht worden war \u2013 am Vorabend des Gedenktages. Er zog eine unbequeme Verbindung: \u201eWo V\u00f6lkermord folgenlos bleibt, ermutigt er die n\u00e4chsten T\u00e4ter.\u201c Dieser Satz fasst zusammen, was den Kern dieser Veranstaltung wiedergibt: nicht nur Geschichtsaufarbeitung, sondern eine grunds\u00e4tzliche Frage \u00fcber unsere F\u00e4higkeit, derartige Verbrechen k\u00fcnftig weltweit zu verhindern.<\/p>\n<\/div><div class=\"fusion-separator fusion-full-width-sep\" style=\"align-self: center;margin-left: auto;margin-right: auto;margin-top:15px;margin-bottom:15px;width:100%;\"><div class=\"fusion-separator-border sep-single\" style=\"--awb-height:20px;--awb-amount:20px;border-color:#ffac00;border-top-width:1px;\"><\/div><\/div><div class=\"fusion-slider-sc\"><div class=\"fusion-flexslider-loading flexslider flexslider-hover-type-none\" data-slideshow_autoplay=\"1\" data-slideshow_smooth_height=\"0\" data-slideshow_speed=\"7000\" style=\"max-width:100%;height:100%;\"><ul class=\"slides\"><li class=\"image\"><span class=\"fusion-image-hover-element hover-type-none\"><img decoding=\"async\" src=\"https:\/\/agbw.org\/wp-content\/uploads\/2026\/04\/Gedenkgottesdienst-am-armenischen-Kreuzstein-Denkmal-mit-Pfr.-Dr.-Diradur-Sardaryan.jpg\" width=\"900\" height=\"600\" class=\"wp-image-22137\" srcset=\"https:\/\/agbw.org\/wp-content\/uploads\/2026\/04\/Gedenkgottesdienst-am-armenischen-Kreuzstein-Denkmal-mit-Pfr.-Dr.-Diradur-Sardaryan-200x133.jpg 200w, https:\/\/agbw.org\/wp-content\/uploads\/2026\/04\/Gedenkgottesdienst-am-armenischen-Kreuzstein-Denkmal-mit-Pfr.-Dr.-Diradur-Sardaryan-400x267.jpg 400w, https:\/\/agbw.org\/wp-content\/uploads\/2026\/04\/Gedenkgottesdienst-am-armenischen-Kreuzstein-Denkmal-mit-Pfr.-Dr.-Diradur-Sardaryan-600x400.jpg 600w, https:\/\/agbw.org\/wp-content\/uploads\/2026\/04\/Gedenkgottesdienst-am-armenischen-Kreuzstein-Denkmal-mit-Pfr.-Dr.-Diradur-Sardaryan-800x533.jpg 800w, https:\/\/agbw.org\/wp-content\/uploads\/2026\/04\/Gedenkgottesdienst-am-armenischen-Kreuzstein-Denkmal-mit-Pfr.-Dr.-Diradur-Sardaryan.jpg 900w\" sizes=\"(max-width: 1024px) 100vw, (max-width: 640px) 100vw, 900px\" \/><\/span><\/li><\/ul><\/div><\/div><div class=\"fusion-separator fusion-full-width-sep\" style=\"align-self: center;margin-left: auto;margin-right: auto;margin-top:15px;margin-bottom:15px;width:100%;\"><div class=\"fusion-separator-border sep-single\" style=\"--awb-height:20px;--awb-amount:20px;border-color:#ffac00;border-top-width:1px;\"><\/div><\/div><div class=\"fusion-text fusion-text-2\"><h3><strong>Breite politische Unterst\u00fctzung<\/strong><\/h3>\n<p>Minister Manne Lucha betonte in seinem Gru\u00dfwort, wie wichtig es ist, die Erinnerung wachzuhalten und sich gemeinsam f\u00fcr Menschenw\u00fcrde und Demokratie einzusetzen. Er w\u00fcrdigte ausdr\u00fccklich die Arbeit der Armenischen Gemeinde Baden-W\u00fcrttemberg im gesellschaftlichen Leben des Landes. Besonders hob Lucha die Partizipation der Armenischen Gemeinde Baden-W\u00fcrttemberg am Runden Tisch der Religionen hervor, wo sie als wichtige Partnerin anerkannt ist. Damit gab der Minister ein klares Signal: Die armenische Gemeinschaft ist nicht marginalisiert, sondern integraler Teil des religi\u00f6sen und gesellschaftlichen Dialogs in Baden-W\u00fcrttemberg.<\/p>\n<p>Die SPD-Landtagsfraktion, vertreten durch die Landtagsabgeordnete Katrin Steinh\u00fclb-Joos, \u00fcberbrachte in einem Gru\u00dfwort ihres Fraktionsvorsitzenden Sascha Binder ebenfalls ihre Solidarit\u00e4t. Frau Steinh\u00fcl-Joss, dass Erinnerungskultur kein blo\u00dfer R\u00fcckblick sein d\u00fcrfe, sondern ein Auftrag f\u00fcr die Gegenwart sei. \u201eGerade in einer Zeit, in der Hass, Ausgrenzung und autorit\u00e4re Tendenzen auch in Europa wieder zunehmen, mahnt uns der 24. April: Wir d\u00fcrfen niemals schweigen, wenn Menschenrechte mit F\u00fc\u00dfen getreten werden. Wir m\u00fcssen laut sein, wenn Minderheiten bedroht werden\u201c. Die CDU Baden-W\u00fcrttemberg lie\u00df durch Ayla Cataltepe ausrichten, dass sie geschlossen hinter der armenischen Gemeinde stehe. Im Gru\u00dfwort, unterst\u00fctzt von Manuel Hagel, wird auf die Notwendigkeit verwiesen, Erinnerung lebendig zu halten und die Geschlossenheit der Landtagsfraktionen bei diesem Thema zu demonstrieren.<\/p>\n<\/div><div class=\"fusion-separator fusion-full-width-sep\" style=\"align-self: center;margin-left: auto;margin-right: auto;margin-top:15px;margin-bottom:15px;width:100%;\"><div class=\"fusion-separator-border sep-single\" style=\"--awb-height:20px;--awb-amount:20px;border-color:#ffac00;border-top-width:1px;\"><\/div><\/div><div class=\"fusion-slider-sc\"><div class=\"fusion-flexslider-loading flexslider flexslider-hover-type-none\" data-slideshow_autoplay=\"1\" data-slideshow_smooth_height=\"0\" data-slideshow_speed=\"7000\" style=\"max-width:100%;height:100%;\"><ul class=\"slides\"><li class=\"image\"><span class=\"fusion-image-hover-element hover-type-none\"><img decoding=\"async\" src=\"https:\/\/agbw.org\/wp-content\/uploads\/2026\/04\/24.04.2026-Manne-Lucha-Minister-fuer-Soziales-Gesundheit-und-Integration.jpg\" width=\"900\" height=\"600\" class=\"wp-image-22136\" srcset=\"https:\/\/agbw.org\/wp-content\/uploads\/2026\/04\/24.04.2026-Manne-Lucha-Minister-fuer-Soziales-Gesundheit-und-Integration-200x133.jpg 200w, https:\/\/agbw.org\/wp-content\/uploads\/2026\/04\/24.04.2026-Manne-Lucha-Minister-fuer-Soziales-Gesundheit-und-Integration-400x267.jpg 400w, https:\/\/agbw.org\/wp-content\/uploads\/2026\/04\/24.04.2026-Manne-Lucha-Minister-fuer-Soziales-Gesundheit-und-Integration-600x400.jpg 600w, https:\/\/agbw.org\/wp-content\/uploads\/2026\/04\/24.04.2026-Manne-Lucha-Minister-fuer-Soziales-Gesundheit-und-Integration-800x533.jpg 800w, https:\/\/agbw.org\/wp-content\/uploads\/2026\/04\/24.04.2026-Manne-Lucha-Minister-fuer-Soziales-Gesundheit-und-Integration.jpg 900w\" sizes=\"(max-width: 1024px) 100vw, (max-width: 640px) 100vw, 900px\" \/><\/span><\/li><li class=\"image\"><span class=\"fusion-image-hover-element hover-type-none\"><img decoding=\"async\" src=\"https:\/\/agbw.org\/wp-content\/uploads\/2026\/04\/Katrin-Steinhuelb-Joos-MdL-SPD.jpg\" width=\"900\" height=\"600\" class=\"wp-image-22138\" srcset=\"https:\/\/agbw.org\/wp-content\/uploads\/2026\/04\/Katrin-Steinhuelb-Joos-MdL-SPD-200x133.jpg 200w, https:\/\/agbw.org\/wp-content\/uploads\/2026\/04\/Katrin-Steinhuelb-Joos-MdL-SPD-400x267.jpg 400w, https:\/\/agbw.org\/wp-content\/uploads\/2026\/04\/Katrin-Steinhuelb-Joos-MdL-SPD-600x400.jpg 600w, https:\/\/agbw.org\/wp-content\/uploads\/2026\/04\/Katrin-Steinhuelb-Joos-MdL-SPD-800x533.jpg 800w, https:\/\/agbw.org\/wp-content\/uploads\/2026\/04\/Katrin-Steinhuelb-Joos-MdL-SPD.jpg 900w\" sizes=\"(max-width: 1024px) 100vw, (max-width: 640px) 100vw, 900px\" \/><\/span><\/li><li class=\"image\"><span class=\"fusion-image-hover-element hover-type-none\"><img decoding=\"async\" src=\"https:\/\/agbw.org\/wp-content\/uploads\/2026\/04\/Stuttgarter-Plattform-gegen-Voelkermord.jpg\" width=\"900\" height=\"600\" class=\"wp-image-22139\" srcset=\"https:\/\/agbw.org\/wp-content\/uploads\/2026\/04\/Stuttgarter-Plattform-gegen-Voelkermord-200x133.jpg 200w, https:\/\/agbw.org\/wp-content\/uploads\/2026\/04\/Stuttgarter-Plattform-gegen-Voelkermord-400x267.jpg 400w, https:\/\/agbw.org\/wp-content\/uploads\/2026\/04\/Stuttgarter-Plattform-gegen-Voelkermord-600x400.jpg 600w, https:\/\/agbw.org\/wp-content\/uploads\/2026\/04\/Stuttgarter-Plattform-gegen-Voelkermord-800x533.jpg 800w, https:\/\/agbw.org\/wp-content\/uploads\/2026\/04\/Stuttgarter-Plattform-gegen-Voelkermord.jpg 900w\" sizes=\"(max-width: 1024px) 100vw, (max-width: 640px) 100vw, 900px\" \/><\/span><\/li><\/ul><\/div><\/div><div class=\"fusion-separator fusion-full-width-sep\" style=\"align-self: center;margin-left: auto;margin-right: auto;margin-top:15px;margin-bottom:15px;width:100%;\"><div class=\"fusion-separator-border sep-single\" style=\"--awb-height:20px;--awb-amount:20px;border-color:#ffac00;border-top-width:1px;\"><\/div><\/div><div class=\"fusion-text fusion-text-3\"><h3><strong>\u00d6zdemir fordert Konsequenzen<\/strong><\/h3>\n<p>Am Abend in der Lutherkirche Bad Cannstatt war es dann die Rede des designierten Ministerpr\u00e4sidenten Cem \u00d6zdemir, die der Veranstaltung besonderes Gewicht gab. Es war, wie Kristina Bagratuni, die Vorsitzende der Armenischen Gemeinde Baden-W\u00fcrttemberg, betonte, das erste Mal, dass ein designierter Landesvater des S\u00fcdwestens an einer Gedenkveranstaltung zum V\u00f6lkermord teilnahm. \u00d6zdemir war vor zehn Jahren einer der Hauptinitiatoren jener Bundestagsresolution von 2016 gewesen, die den V\u00f6lkermord endlich beim Namen nannte und die Mitverantwortung des Deutschen Reiches als Kriegsverb\u00fcndeter des Osmanischen Reiches anerkannte.<\/p>\n<p>In seiner Ansprache unterstrich \u00d6zdemir, dass die Bundestagsresolution von 2016 nicht folgenlos bleiben darf. Baden-W\u00fcrttemberg k\u00f6nne Vorreiter bei der Umsetzung sein, besonders in der Bildung. Er verwies darauf, dass zehn Jahre nach der Anerkennung des Genozids jetzt die Zeit gekommen sei, konkrete Ma\u00dfnahmen zu ergreifen. Die armenische Gemeinde verbindet damit die Hoffnung, dass der neue Ministerpr\u00e4sident nicht nur historische Wahrheit anerkennt, sondern auch in der Gegenwart handelt.<\/p>\n<\/div><div class=\"fusion-separator fusion-full-width-sep\" style=\"align-self: center;margin-left: auto;margin-right: auto;margin-top:15px;margin-bottom:15px;width:100%;\"><div class=\"fusion-separator-border sep-single\" style=\"--awb-height:20px;--awb-amount:20px;border-color:#ffac00;border-top-width:1px;\"><\/div><\/div><div class=\"fusion-slider-sc\"><div class=\"fusion-flexslider-loading flexslider flexslider-hover-type-none\" data-slideshow_autoplay=\"1\" data-slideshow_smooth_height=\"0\" data-slideshow_speed=\"7000\" style=\"max-width:100%;height:100%;\"><ul class=\"slides\"><li class=\"image\"><span class=\"fusion-image-hover-element hover-type-none\"><img decoding=\"async\" src=\"https:\/\/agbw.org\/wp-content\/uploads\/2026\/04\/Cem-Oezdemir-design.-Ministerpraesident.jpg\" width=\"900\" height=\"600\" class=\"wp-image-22157\" srcset=\"https:\/\/agbw.org\/wp-content\/uploads\/2026\/04\/Cem-Oezdemir-design.-Ministerpraesident-200x133.jpg 200w, https:\/\/agbw.org\/wp-content\/uploads\/2026\/04\/Cem-Oezdemir-design.-Ministerpraesident-400x267.jpg 400w, https:\/\/agbw.org\/wp-content\/uploads\/2026\/04\/Cem-Oezdemir-design.-Ministerpraesident-600x400.jpg 600w, https:\/\/agbw.org\/wp-content\/uploads\/2026\/04\/Cem-Oezdemir-design.-Ministerpraesident-800x533.jpg 800w, https:\/\/agbw.org\/wp-content\/uploads\/2026\/04\/Cem-Oezdemir-design.-Ministerpraesident.jpg 900w\" sizes=\"(max-width: 1024px) 100vw, (max-width: 640px) 100vw, 900px\" \/><\/span><\/li><li class=\"image\"><span class=\"fusion-image-hover-element hover-type-none\"><img decoding=\"async\" src=\"https:\/\/agbw.org\/wp-content\/uploads\/2026\/04\/Gedenkveranstaltung-24.04.2026-3.jpg\" width=\"900\" height=\"600\" class=\"wp-image-22161\" srcset=\"https:\/\/agbw.org\/wp-content\/uploads\/2026\/04\/Gedenkveranstaltung-24.04.2026-3-200x133.jpg 200w, https:\/\/agbw.org\/wp-content\/uploads\/2026\/04\/Gedenkveranstaltung-24.04.2026-3-400x267.jpg 400w, https:\/\/agbw.org\/wp-content\/uploads\/2026\/04\/Gedenkveranstaltung-24.04.2026-3-600x400.jpg 600w, https:\/\/agbw.org\/wp-content\/uploads\/2026\/04\/Gedenkveranstaltung-24.04.2026-3-800x533.jpg 800w, https:\/\/agbw.org\/wp-content\/uploads\/2026\/04\/Gedenkveranstaltung-24.04.2026-3.jpg 900w\" sizes=\"(max-width: 1024px) 100vw, (max-width: 640px) 100vw, 900px\" \/><\/span><\/li><li class=\"image\"><span class=\"fusion-image-hover-element hover-type-none\"><img decoding=\"async\" src=\"https:\/\/agbw.org\/wp-content\/uploads\/2026\/04\/Gedenkveranstaltung-24.04.2026-2.jpg\" width=\"900\" height=\"600\" class=\"wp-image-22160\" srcset=\"https:\/\/agbw.org\/wp-content\/uploads\/2026\/04\/Gedenkveranstaltung-24.04.2026-2-200x133.jpg 200w, https:\/\/agbw.org\/wp-content\/uploads\/2026\/04\/Gedenkveranstaltung-24.04.2026-2-400x267.jpg 400w, https:\/\/agbw.org\/wp-content\/uploads\/2026\/04\/Gedenkveranstaltung-24.04.2026-2-600x400.jpg 600w, https:\/\/agbw.org\/wp-content\/uploads\/2026\/04\/Gedenkveranstaltung-24.04.2026-2-800x533.jpg 800w, https:\/\/agbw.org\/wp-content\/uploads\/2026\/04\/Gedenkveranstaltung-24.04.2026-2.jpg 900w\" sizes=\"(max-width: 1024px) 100vw, (max-width: 640px) 100vw, 900px\" \/><\/span><\/li><li class=\"image\"><span class=\"fusion-image-hover-element hover-type-none\"><img decoding=\"async\" src=\"https:\/\/agbw.org\/wp-content\/uploads\/2026\/04\/Ayla-Cataltepe-MdL-CDU.jpg\" width=\"900\" height=\"600\" class=\"wp-image-22156\" srcset=\"https:\/\/agbw.org\/wp-content\/uploads\/2026\/04\/Ayla-Cataltepe-MdL-CDU-200x133.jpg 200w, https:\/\/agbw.org\/wp-content\/uploads\/2026\/04\/Ayla-Cataltepe-MdL-CDU-400x267.jpg 400w, https:\/\/agbw.org\/wp-content\/uploads\/2026\/04\/Ayla-Cataltepe-MdL-CDU-600x400.jpg 600w, https:\/\/agbw.org\/wp-content\/uploads\/2026\/04\/Ayla-Cataltepe-MdL-CDU-800x533.jpg 800w, https:\/\/agbw.org\/wp-content\/uploads\/2026\/04\/Ayla-Cataltepe-MdL-CDU.jpg 900w\" sizes=\"(max-width: 1024px) 100vw, (max-width: 640px) 100vw, 900px\" \/><\/span><\/li><li class=\"image\"><span class=\"fusion-image-hover-element hover-type-none\"><img decoding=\"async\" src=\"https:\/\/agbw.org\/wp-content\/uploads\/2026\/04\/Ernst-Ludwig-Drayss-Noah-e.V.jpg\" width=\"900\" height=\"600\" class=\"wp-image-22159\" srcset=\"https:\/\/agbw.org\/wp-content\/uploads\/2026\/04\/Ernst-Ludwig-Drayss-Noah-e.V-200x133.jpg 200w, https:\/\/agbw.org\/wp-content\/uploads\/2026\/04\/Ernst-Ludwig-Drayss-Noah-e.V-400x267.jpg 400w, https:\/\/agbw.org\/wp-content\/uploads\/2026\/04\/Ernst-Ludwig-Drayss-Noah-e.V-600x400.jpg 600w, https:\/\/agbw.org\/wp-content\/uploads\/2026\/04\/Ernst-Ludwig-Drayss-Noah-e.V-800x533.jpg 800w, https:\/\/agbw.org\/wp-content\/uploads\/2026\/04\/Ernst-Ludwig-Drayss-Noah-e.V.jpg 900w\" sizes=\"(max-width: 1024px) 100vw, (max-width: 640px) 100vw, 900px\" \/><\/span><\/li><li class=\"image\"><span class=\"fusion-image-hover-element hover-type-none\"><img decoding=\"async\" src=\"https:\/\/agbw.org\/wp-content\/uploads\/2026\/04\/Kristina-Bagratuni-Vorstandsvorsitzende-der-AGBW.jpg\" width=\"900\" height=\"600\" class=\"wp-image-22164\" srcset=\"https:\/\/agbw.org\/wp-content\/uploads\/2026\/04\/Kristina-Bagratuni-Vorstandsvorsitzende-der-AGBW-200x133.jpg 200w, https:\/\/agbw.org\/wp-content\/uploads\/2026\/04\/Kristina-Bagratuni-Vorstandsvorsitzende-der-AGBW-400x267.jpg 400w, https:\/\/agbw.org\/wp-content\/uploads\/2026\/04\/Kristina-Bagratuni-Vorstandsvorsitzende-der-AGBW-600x400.jpg 600w, https:\/\/agbw.org\/wp-content\/uploads\/2026\/04\/Kristina-Bagratuni-Vorstandsvorsitzende-der-AGBW-800x533.jpg 800w, https:\/\/agbw.org\/wp-content\/uploads\/2026\/04\/Kristina-Bagratuni-Vorstandsvorsitzende-der-AGBW.jpg 900w\" sizes=\"(max-width: 1024px) 100vw, (max-width: 640px) 100vw, 900px\" \/><\/span><\/li><\/ul><\/div><\/div><div class=\"fusion-separator fusion-full-width-sep\" style=\"align-self: center;margin-left: auto;margin-right: auto;margin-top:15px;margin-bottom:15px;width:100%;\"><div class=\"fusion-separator-border sep-single\" style=\"--awb-height:20px;--awb-amount:20px;border-color:#ffac00;border-top-width:1px;\"><\/div><\/div><div class=\"fusion-text fusion-text-4\"><h3><strong>Musik und Zeugnis<\/strong><\/h3>\n<p>Die Veranstaltung in der Lutherkirche wurde musikalisch gerahmt durch Sona Talian am Klavier und Vache Bagratuni am Cello. Sie spielten Werke des armenischen Komponisten Komitas Vardapet: \u201eDer Aprikosenbaum\u201c, \u201eEs ist Fr\u00fchling\u201c sowie zwei weitere Kompositionen des Meisters, die die Traurigkeit und Sch\u00f6nheit der armenischen Kultur in T\u00f6ne fassen. Erg\u00e4nzt wurde das Programm durch die Vokalise des armenischen Komponisten Arno Babadjanyan. Zwischen den musikalischen Einlagen rezitierte Vic Bagratuni aus \u201eVerlust und Verm\u00e4chtnis\u201c von Mihran Dabagh, einer Sammlung von Zeitzeugenberichten des V\u00f6lkermords. Diese Kombination aus Musik und Wort schuf einen Raum, in dem der Schmerz der Geschichte nicht abstrakt blieb, sondern in der unmittelbaren Stimme und im Leid der \u00dcberlebenden gegenw\u00e4rtig wurde.<\/p>\n<\/div><div class=\"fusion-separator fusion-full-width-sep\" style=\"align-self: center;margin-left: auto;margin-right: auto;margin-top:15px;margin-bottom:15px;width:100%;\"><div class=\"fusion-separator-border sep-single\" style=\"--awb-height:20px;--awb-amount:20px;border-color:#ffac00;border-top-width:1px;\"><\/div><\/div><div class=\"fusion-slider-sc\"><div class=\"fusion-flexslider-loading flexslider flexslider-hover-type-none\" data-slideshow_autoplay=\"1\" data-slideshow_smooth_height=\"0\" data-slideshow_speed=\"7000\" style=\"max-width:100%;height:100%;\"><ul class=\"slides\"><li class=\"image\"><span class=\"fusion-image-hover-element hover-type-none\"><img decoding=\"async\" src=\"https:\/\/agbw.org\/wp-content\/uploads\/2026\/04\/Vache-Bagratuni-Sona-Talian.jpg\" width=\"900\" height=\"600\" class=\"wp-image-22167\" srcset=\"https:\/\/agbw.org\/wp-content\/uploads\/2026\/04\/Vache-Bagratuni-Sona-Talian-200x133.jpg 200w, https:\/\/agbw.org\/wp-content\/uploads\/2026\/04\/Vache-Bagratuni-Sona-Talian-400x267.jpg 400w, https:\/\/agbw.org\/wp-content\/uploads\/2026\/04\/Vache-Bagratuni-Sona-Talian-600x400.jpg 600w, https:\/\/agbw.org\/wp-content\/uploads\/2026\/04\/Vache-Bagratuni-Sona-Talian-800x533.jpg 800w, https:\/\/agbw.org\/wp-content\/uploads\/2026\/04\/Vache-Bagratuni-Sona-Talian.jpg 900w\" sizes=\"(max-width: 1024px) 100vw, (max-width: 640px) 100vw, 900px\" \/><\/span><\/li><li class=\"image\"><span class=\"fusion-image-hover-element hover-type-none\"><img decoding=\"async\" src=\"https:\/\/agbw.org\/wp-content\/uploads\/2026\/04\/Vache-Bagratuni-Cello.jpg\" width=\"900\" height=\"600\" class=\"wp-image-22168\" srcset=\"https:\/\/agbw.org\/wp-content\/uploads\/2026\/04\/Vache-Bagratuni-Cello-200x133.jpg 200w, https:\/\/agbw.org\/wp-content\/uploads\/2026\/04\/Vache-Bagratuni-Cello-400x267.jpg 400w, https:\/\/agbw.org\/wp-content\/uploads\/2026\/04\/Vache-Bagratuni-Cello-600x400.jpg 600w, https:\/\/agbw.org\/wp-content\/uploads\/2026\/04\/Vache-Bagratuni-Cello-800x533.jpg 800w, https:\/\/agbw.org\/wp-content\/uploads\/2026\/04\/Vache-Bagratuni-Cello.jpg 900w\" sizes=\"(max-width: 1024px) 100vw, (max-width: 640px) 100vw, 900px\" \/><\/span><\/li><li class=\"image\"><span class=\"fusion-image-hover-element hover-type-none\"><img decoding=\"async\" src=\"https:\/\/agbw.org\/wp-content\/uploads\/2026\/04\/Sona-Talian-Klavier.jpg\" width=\"900\" height=\"600\" class=\"wp-image-22166\" srcset=\"https:\/\/agbw.org\/wp-content\/uploads\/2026\/04\/Sona-Talian-Klavier-200x133.jpg 200w, https:\/\/agbw.org\/wp-content\/uploads\/2026\/04\/Sona-Talian-Klavier-400x267.jpg 400w, https:\/\/agbw.org\/wp-content\/uploads\/2026\/04\/Sona-Talian-Klavier-600x400.jpg 600w, https:\/\/agbw.org\/wp-content\/uploads\/2026\/04\/Sona-Talian-Klavier-800x533.jpg 800w, https:\/\/agbw.org\/wp-content\/uploads\/2026\/04\/Sona-Talian-Klavier.jpg 900w\" sizes=\"(max-width: 1024px) 100vw, (max-width: 640px) 100vw, 900px\" \/><\/span><\/li><li class=\"image\"><span class=\"fusion-image-hover-element hover-type-none\"><img decoding=\"async\" src=\"https:\/\/agbw.org\/wp-content\/uploads\/2026\/04\/Vic-Bagratuni-Schauspieler.jpg\" width=\"900\" height=\"600\" class=\"wp-image-22169\" srcset=\"https:\/\/agbw.org\/wp-content\/uploads\/2026\/04\/Vic-Bagratuni-Schauspieler-200x133.jpg 200w, https:\/\/agbw.org\/wp-content\/uploads\/2026\/04\/Vic-Bagratuni-Schauspieler-400x267.jpg 400w, https:\/\/agbw.org\/wp-content\/uploads\/2026\/04\/Vic-Bagratuni-Schauspieler-600x400.jpg 600w, https:\/\/agbw.org\/wp-content\/uploads\/2026\/04\/Vic-Bagratuni-Schauspieler-800x533.jpg 800w, https:\/\/agbw.org\/wp-content\/uploads\/2026\/04\/Vic-Bagratuni-Schauspieler.jpg 900w\" sizes=\"(max-width: 1024px) 100vw, (max-width: 640px) 100vw, 900px\" \/><\/span><\/li><\/ul><\/div><\/div><div class=\"fusion-separator fusion-full-width-sep\" style=\"align-self: center;margin-left: auto;margin-right: auto;margin-top:15px;margin-bottom:15px;width:100%;\"><div class=\"fusion-separator-border sep-single\" style=\"--awb-height:20px;--awb-amount:20px;border-color:#ffac00;border-top-width:1px;\"><\/div><\/div><div class=\"fusion-text fusion-text-5\"><h3><strong>Die Mahnung aus Potsdam<\/strong><\/h3>\n<p>Dr. Hayk Martirosyan vom Lepsius-Haus in Potsdam referierte \u00fcber die Geschichte des V\u00f6lkermords mit n\u00fcchterner Pr\u00e4zision. Er dokumentierte nicht nur die Brutalit\u00e4t der Vernichtung, sondern rief auch eine andere Geschichte ins Bewusstsein: jene der Rettung. Deutsche Missionen, das Kaiserswerther Diakonissenhaus, das syrische Waisenhaus und andere Institutionen h\u00e4tten tausende Armenier gerettet. Beatrice Rohner, eine Missionarin aus Weil am Rhein, hat in Aleppo ein Waisenhaus geleitet und unter unm\u00f6glichsten Bedingungen hunderten Kindern das Leben gerettet, bis sie selbst einen psychischen Zusammenbruch erlitt.<\/p>\n<p>Diese Geschichte war keine sentimentale Ausfluchtsnahme. Sie war eine Herausforderung an die Gegenwart. Wenn damals deutsche Christen unter den schwierigsten Bedingungen bereit waren, ihr Leben einzusetzen, um Menschlichkeit zu bewahren, was ist heute, in Zeiten des Friedens und der Sicherheit, unsere Ausrede? Martirosyan machte deutlich: Die Hilfswerke bewiesen, dass Humanismus in der Stunde der Not m\u00f6glich war. Sie verdienen, dass ihre Geschichten lebendig bleiben.<\/p>\n<\/div><div class=\"fusion-separator fusion-full-width-sep\" style=\"align-self: center;margin-left: auto;margin-right: auto;margin-top:15px;margin-bottom:15px;width:100%;\"><div class=\"fusion-separator-border sep-single\" style=\"--awb-height:20px;--awb-amount:20px;border-color:#ffac00;border-top-width:1px;\"><\/div><\/div><div class=\"fusion-slider-sc\"><div class=\"fusion-flexslider-loading flexslider flexslider-hover-type-none\" data-slideshow_autoplay=\"1\" data-slideshow_smooth_height=\"0\" data-slideshow_speed=\"7000\" style=\"max-width:100%;height:100%;\"><ul class=\"slides\"><li class=\"image\"><span class=\"fusion-image-hover-element hover-type-none\"><img decoding=\"async\" src=\"https:\/\/agbw.org\/wp-content\/uploads\/2026\/04\/Dr.-Hayk-Amrtirosyan-Lepsiushaus-Potsdam.jpg\" width=\"900\" height=\"600\" class=\"wp-image-22158\" srcset=\"https:\/\/agbw.org\/wp-content\/uploads\/2026\/04\/Dr.-Hayk-Amrtirosyan-Lepsiushaus-Potsdam-200x133.jpg 200w, https:\/\/agbw.org\/wp-content\/uploads\/2026\/04\/Dr.-Hayk-Amrtirosyan-Lepsiushaus-Potsdam-400x267.jpg 400w, https:\/\/agbw.org\/wp-content\/uploads\/2026\/04\/Dr.-Hayk-Amrtirosyan-Lepsiushaus-Potsdam-600x400.jpg 600w, https:\/\/agbw.org\/wp-content\/uploads\/2026\/04\/Dr.-Hayk-Amrtirosyan-Lepsiushaus-Potsdam-800x533.jpg 800w, https:\/\/agbw.org\/wp-content\/uploads\/2026\/04\/Dr.-Hayk-Amrtirosyan-Lepsiushaus-Potsdam.jpg 900w\" sizes=\"(max-width: 1024px) 100vw, (max-width: 640px) 100vw, 900px\" \/><\/span><\/li><li class=\"image\"><span class=\"fusion-image-hover-element hover-type-none\"><img decoding=\"async\" src=\"https:\/\/agbw.org\/wp-content\/uploads\/2026\/04\/Gedenkveranstaltung-24.04.2026.jpg\" width=\"900\" height=\"600\" class=\"wp-image-22163\" srcset=\"https:\/\/agbw.org\/wp-content\/uploads\/2026\/04\/Gedenkveranstaltung-24.04.2026-200x133.jpg 200w, https:\/\/agbw.org\/wp-content\/uploads\/2026\/04\/Gedenkveranstaltung-24.04.2026-400x267.jpg 400w, https:\/\/agbw.org\/wp-content\/uploads\/2026\/04\/Gedenkveranstaltung-24.04.2026-600x400.jpg 600w, https:\/\/agbw.org\/wp-content\/uploads\/2026\/04\/Gedenkveranstaltung-24.04.2026-800x533.jpg 800w, https:\/\/agbw.org\/wp-content\/uploads\/2026\/04\/Gedenkveranstaltung-24.04.2026.jpg 900w\" sizes=\"(max-width: 1024px) 100vw, (max-width: 640px) 100vw, 900px\" \/><\/span><\/li><\/ul><\/div><\/div><div class=\"fusion-separator fusion-full-width-sep\" style=\"align-self: center;margin-left: auto;margin-right: auto;margin-top:15px;margin-bottom:15px;width:100%;\"><div class=\"fusion-separator-border sep-single\" style=\"--awb-height:20px;--awb-amount:20px;border-color:#ffac00;border-top-width:1px;\"><\/div><\/div><div class=\"fusion-text fusion-text-6\"><h3><strong>Unbequeme Fragen an die Gegenwart<\/strong><\/h3>\n<p>Am Ende der Veranstaltung fasste Pfarrer Sardaryan das zentrale Dilemma zusammen. Er berichtete von der Ausstellung zum V\u00f6lkermord, die im Landtag von Baden-W\u00fcrttemberg 2023 er\u00f6ffnet wurde. Sie zeigte Frottagen der K\u00fcnstlerin <em>Lisa M. Stybor <\/em>von Mauern und Steinen aus Anatolien, auf denen vor hundert Jahren Armenier zum Tode getrieben wurden. \u201eZeitzeugen, die uns von damals berichten\u201c, nannte er diese Steine. Am selben Tag, so Sardaryan, wurden 100.000 Armenier aus Berg-Karabach vertrieben. \u201eDie Welt hat zugeschaut und nichts getan.\u201c Diese Parallele war kein historisches R\u00e4sonieren. Sie war eine Anklage der Gegenwart. Sie war auch eine Mahnung an alle, die diese Veranstaltung besuchten und in den kommenden Jahren politische Verantwortung tragen, dass \u201eNie wieder\u201c keine leere Worte bleiben d\u00fcrfen, sondern in die Tat umgesetzt werden m\u00fcssen.<\/p>\n<h3><strong>Die Forderung, t\u00e4tig zu werden<\/strong><\/h3>\n<p>Was sich in Stuttgart am 24. April 2026 zeigte, war eine armenische Gemeinde, die nicht mehr auf Mitleid wartet, sondern auf Verbindlichkeit besteht. Die neue politische Verantwortung in Baden-W\u00fcrttemberg steht vor der Aufgabe, zehn Jahre nach der Bundestagsresolution die Erinnerungskultur weiterzuentwickeln. Dabei stellt sich die Frage, wie \u00fcber die Anerkennung hinaus nachhaltige Impulse gesetzt werden k\u00f6nnen.<\/p>\n<p><strong>Mit einem Satz fasste Pfarrer Sardaryan am Ende der Veranstaltung zusammen, worum es geht: \u201eUnsere heiligen M\u00e4rtyrer haben die Gerechtigkeit im Himmel erreicht. Wir, die wir hier stehen, haben die Aufgabe, f\u00fcr die Gerechtigkeit und den Frieden auf Erden zu arbeiten. Nicht irgendwann. Jetzt.\u201c<\/strong><\/p>\n<hr \/>\n<p><strong>Hintergrund: <\/strong>Der V\u00f6lkermord an den Armeniern 1915 bis 1923 gilt als der erste industriell geplante Genozid des 20. Jahrhunderts. Der polnisch-j\u00fcdische Jurist Raphael Lemkin, der den Begriff \u201eGenozid\u201c pr\u00e4gte, nannte den Mord an den Armeniern ausdr\u00fccklich als eines der beiden Grundereignisse, die sein Denken formten. Adolf Hitler verwies 1939 darauf, indem er fragte: \u201eWer redet heute noch von der Vernichtung der Armenier?\u201c Seit 111 Jahren beantworten Armenier diese Frage: Wir reden davon. Und wir werden nicht aufh\u00f6ren.<\/p>\n<\/div><div class=\"fusion-separator fusion-full-width-sep\" style=\"align-self: center;margin-left: auto;margin-right: auto;margin-top:15px;margin-bottom:15px;width:100%;\"><div class=\"fusion-separator-border sep-single\" style=\"--awb-height:20px;--awb-amount:20px;border-color:#ffac00;border-top-width:1px;\"><\/div><\/div><div class=\"fusion-slider-sc\"><div class=\"fusion-flexslider-loading flexslider flexslider-hover-type-none\" data-slideshow_autoplay=\"1\" data-slideshow_smooth_height=\"0\" data-slideshow_speed=\"7000\" style=\"max-width:100%;height:100%;\"><ul class=\"slides\"><li class=\"image\"><span class=\"fusion-image-hover-element hover-type-none\"><img decoding=\"async\" src=\"https:\/\/agbw.org\/wp-content\/uploads\/2026\/04\/Pfr.-Dr.-Diradur-Sardaryan-Gemeindepfarrer.jpg\" width=\"900\" height=\"600\" class=\"wp-image-22165\" srcset=\"https:\/\/agbw.org\/wp-content\/uploads\/2026\/04\/Pfr.-Dr.-Diradur-Sardaryan-Gemeindepfarrer-200x133.jpg 200w, https:\/\/agbw.org\/wp-content\/uploads\/2026\/04\/Pfr.-Dr.-Diradur-Sardaryan-Gemeindepfarrer-400x267.jpg 400w, https:\/\/agbw.org\/wp-content\/uploads\/2026\/04\/Pfr.-Dr.-Diradur-Sardaryan-Gemeindepfarrer-600x400.jpg 600w, https:\/\/agbw.org\/wp-content\/uploads\/2026\/04\/Pfr.-Dr.-Diradur-Sardaryan-Gemeindepfarrer-800x533.jpg 800w, https:\/\/agbw.org\/wp-content\/uploads\/2026\/04\/Pfr.-Dr.-Diradur-Sardaryan-Gemeindepfarrer.jpg 900w\" sizes=\"(max-width: 1024px) 100vw, (max-width: 640px) 100vw, 900px\" \/><\/span><\/li><li class=\"image\"><span class=\"fusion-image-hover-element hover-type-none\"><img decoding=\"async\" src=\"https:\/\/agbw.org\/wp-content\/uploads\/2026\/04\/Gaeste-am-24.04.2026.jpg\" width=\"900\" height=\"600\" class=\"wp-image-22171\" srcset=\"https:\/\/agbw.org\/wp-content\/uploads\/2026\/04\/Gaeste-am-24.04.2026-200x133.jpg 200w, https:\/\/agbw.org\/wp-content\/uploads\/2026\/04\/Gaeste-am-24.04.2026-400x267.jpg 400w, https:\/\/agbw.org\/wp-content\/uploads\/2026\/04\/Gaeste-am-24.04.2026-600x400.jpg 600w, https:\/\/agbw.org\/wp-content\/uploads\/2026\/04\/Gaeste-am-24.04.2026-800x533.jpg 800w, https:\/\/agbw.org\/wp-content\/uploads\/2026\/04\/Gaeste-am-24.04.2026.jpg 900w\" sizes=\"(max-width: 1024px) 100vw, (max-width: 640px) 100vw, 900px\" \/><\/span><\/li><\/ul><\/div><\/div><div class=\"fusion-separator fusion-full-width-sep\" style=\"align-self: center;margin-left: auto;margin-right: auto;margin-top:15px;margin-bottom:15px;width:100%;\"><div class=\"fusion-separator-border sep-single\" style=\"--awb-height:20px;--awb-amount:20px;border-color:#ffac00;border-top-width:1px;\"><\/div><\/div><\/div><\/div><\/div><\/div>","protected":false},"excerpt":{"rendered":"","protected":false},"author":1,"featured_media":22155,"comment_status":"closed","ping_status":"closed","sticky":false,"template":"","format":"standard","meta":{"footnotes":""},"categories":[58],"tags":[911,912,913],"class_list":["post-22134","post","type-post","status-publish","format-standard","has-post-thumbnail","hentry","category-allgemein","tag-24-04-2026","tag-gedenkveranstaltung-in-stuttgart","tag-oezdemir-bei-der-gedenkveranstaltung"],"_links":{"self":[{"href":"https:\/\/agbw.org\/am\/wp-json\/wp\/v2\/posts\/22134","targetHints":{"allow":["GET"]}}],"collection":[{"href":"https:\/\/agbw.org\/am\/wp-json\/wp\/v2\/posts"}],"about":[{"href":"https:\/\/agbw.org\/am\/wp-json\/wp\/v2\/types\/post"}],"author":[{"embeddable":true,"href":"https:\/\/agbw.org\/am\/wp-json\/wp\/v2\/users\/1"}],"replies":[{"embeddable":true,"href":"https:\/\/agbw.org\/am\/wp-json\/wp\/v2\/comments?post=22134"}],"version-history":[{"count":21,"href":"https:\/\/agbw.org\/am\/wp-json\/wp\/v2\/posts\/22134\/revisions"}],"predecessor-version":[{"id":22176,"href":"https:\/\/agbw.org\/am\/wp-json\/wp\/v2\/posts\/22134\/revisions\/22176"}],"wp:featuredmedia":[{"embeddable":true,"href":"https:\/\/agbw.org\/am\/wp-json\/wp\/v2\/media\/22155"}],"wp:attachment":[{"href":"https:\/\/agbw.org\/am\/wp-json\/wp\/v2\/media?parent=22134"}],"wp:term":[{"taxonomy":"category","embeddable":true,"href":"https:\/\/agbw.org\/am\/wp-json\/wp\/v2\/categories?post=22134"},{"taxonomy":"post_tag","embeddable":true,"href":"https:\/\/agbw.org\/am\/wp-json\/wp\/v2\/tags?post=22134"}],"curies":[{"name":"wp","href":"https:\/\/api.w.org\/{rel}","templated":true}]}}