{"id":7494,"date":"2020-10-03T09:03:21","date_gmt":"2020-10-03T07:03:21","guid":{"rendered":"http:\/\/agbw.org\/?p=7494"},"modified":"2021-04-21T20:33:30","modified_gmt":"2021-04-21T18:33:30","slug":"pfarrer-diradur-fordert-stoppt-den-aggressor","status":"publish","type":"post","link":"https:\/\/agbw.org\/am\/2020\/pfarrer-diradur-fordert-stoppt-den-aggressor\/","title":{"rendered":"Pfarrer Diradur fordert: Stoppt den Aggressor!"},"content":{"rendered":"<p><img decoding=\"async\" class=\"aligncenter wp-image-7487 size-fusion-800\" src=\"http:\/\/agbw.org\/wp-content\/uploads\/2020\/10\/armtv-800x533.jpg\" alt=\"\" width=\"800\" height=\"533\" \/>G\u00f6ppingen. Die armenische Gemeinde Baden-W\u00fcrttemberg appelliert an die Weltgemeinschaft, an die Politik und Kirchen nachdr\u00fccklich die Aggression Aserbaidschans und die Kriegsbeteiligung der T\u00fcrkei deutlich zu verurteilt.<\/p>\n<p>Es sei nicht die Fortf\u00fchrung des Krieges der 90-er Jahren, sondern eine neue Situation bei der die Bev\u00f6lkerung Berg Karabachs um Ihr Lebensrecht k\u00e4mpft. &#8222;Stoppt die T\u00fcrkei und Aserbaidschan! Stoppt den Terrorismus! Schreibt Pfarrer Diradur auf seiner Facebook-Seite.<\/p>\n<p>In seinem Appell zuvor wendet sich der Gemeindepfarrer Diradur Sardaryan auch an die &#8222;Schwesterkirchen&#8220; der Armenischen Gemeinde und fordert sie zum Friedensgebet auf. Sie sollten ihre Stimmen f\u00fcr das Selbstbestimmungsrecht kleiner V\u00f6lker erheben und sich in Gespr\u00e4chen mit politischen Vertretern f\u00fcr ein Ende der K\u00e4mpfe einsetzen. Da die Bev\u00f6lkerung im Berg Karabach brauche sie zudem humanit\u00e4re Hilfe, so der armenische Pfarrer.<\/p>\n<p><a href=\"https:\/\/www.facebook.com\/hashtag\/artsakhstrong?__eep__=6&amp;__cft__%5b0%5d=AZW5IV3rInFQC8Yvu3S9N-YfOU4gIpPSqnIdHkSq1hEw5X3wf5eRyNPkA9pOgZHU4rJILlBeWcopcqoyNvxU8uSMLwlIAi-V3LCPFqS-UhnlKh17HmtsdcZuRMqfw0aDFec&amp;__tn__=*NK-R\">#ArtsakhStrong<\/a><br \/>\n<a href=\"https:\/\/www.facebook.com\/hashtag\/armeniastrong?__eep__=6&amp;__cft__%5b0%5d=AZW5IV3rInFQC8Yvu3S9N-YfOU4gIpPSqnIdHkSq1hEw5X3wf5eRyNPkA9pOgZHU4rJILlBeWcopcqoyNvxU8uSMLwlIAi-V3LCPFqS-UhnlKh17HmtsdcZuRMqfw0aDFec&amp;__tn__=*NK-R\">#ArmeniaStrong<\/a><br \/>\n<a href=\"https:\/\/www.facebook.com\/hashtag\/stopazerbaijaniaggression?__eep__=6&amp;__cft__%5b0%5d=AZW5IV3rInFQC8Yvu3S9N-YfOU4gIpPSqnIdHkSq1hEw5X3wf5eRyNPkA9pOgZHU4rJILlBeWcopcqoyNvxU8uSMLwlIAi-V3LCPFqS-UhnlKh17HmtsdcZuRMqfw0aDFec&amp;__tn__=*NK-R\">#StopAzerbaijaniAggression<\/a><br \/>\n<a href=\"https:\/\/www.facebook.com\/hashtag\/stopturkishaggression?__eep__=6&amp;__cft__%5b0%5d=AZW5IV3rInFQC8Yvu3S9N-YfOU4gIpPSqnIdHkSq1hEw5X3wf5eRyNPkA9pOgZHU4rJILlBeWcopcqoyNvxU8uSMLwlIAi-V3LCPFqS-UhnlKh17HmtsdcZuRMqfw0aDFec&amp;__tn__=*NK-R\">#StopTurkishAggression<\/a><br \/>\n<a href=\"https:\/\/www.facebook.com\/hashtag\/stopaliyev?__eep__=6&amp;__cft__%5b0%5d=AZW5IV3rInFQC8Yvu3S9N-YfOU4gIpPSqnIdHkSq1hEw5X3wf5eRyNPkA9pOgZHU4rJILlBeWcopcqoyNvxU8uSMLwlIAi-V3LCPFqS-UhnlKh17HmtsdcZuRMqfw0aDFec&amp;__tn__=*NK-R\">#StopAliyev<\/a><br \/>\n<a href=\"https:\/\/www.facebook.com\/hashtag\/stoperdogan?__eep__=6&amp;__cft__%5b0%5d=AZW5IV3rInFQC8Yvu3S9N-YfOU4gIpPSqnIdHkSq1hEw5X3wf5eRyNPkA9pOgZHU4rJILlBeWcopcqoyNvxU8uSMLwlIAi-V3LCPFqS-UhnlKh17HmtsdcZuRMqfw0aDFec&amp;__tn__=*NK-R\">#StopErdogan<\/a><br \/>\n<a href=\"https:\/\/www.facebook.com\/hashtag\/wewillwin?__eep__=6&amp;__cft__%5b0%5d=AZW5IV3rInFQC8Yvu3S9N-YfOU4gIpPSqnIdHkSq1hEw5X3wf5eRyNPkA9pOgZHU4rJILlBeWcopcqoyNvxU8uSMLwlIAi-V3LCPFqS-UhnlKh17HmtsdcZuRMqfw0aDFec&amp;__tn__=*NK-R\">#WeWillWin<\/a><br \/>\n<a href=\"https:\/\/www.facebook.com\/hashtag\/%D5%B0%D5%A1%D5%B2%D5%A9%D5%A5%D5%AC%D5%B8%D6%82%D5%A5%D5%B6%D6%84?__eep__=6&amp;__cft__%5b0%5d=AZW5IV3rInFQC8Yvu3S9N-YfOU4gIpPSqnIdHkSq1hEw5X3wf5eRyNPkA9pOgZHU4rJILlBeWcopcqoyNvxU8uSMLwlIAi-V3LCPFqS-UhnlKh17HmtsdcZuRMqfw0aDFec&amp;__tn__=*NK-R\">#\u0540\u0531\u0542\u0539\u0535\u053c\u0548\u0552\u0535\u0546\u0554<\/a><br \/>\n<a href=\"https:\/\/www.facebook.com\/hashtag\/%D0%BC%D1%8B%D0%BF%D0%BE%D0%B1%D0%B5%D0%B4%D0%B8%D0%BC?__eep__=6&amp;__cft__%5b0%5d=AZW5IV3rInFQC8Yvu3S9N-YfOU4gIpPSqnIdHkSq1hEw5X3wf5eRyNPkA9pOgZHU4rJILlBeWcopcqoyNvxU8uSMLwlIAi-V3LCPFqS-UhnlKh17HmtsdcZuRMqfw0aDFec&amp;__tn__=*NK-R\">#\u041c\u044b\u041f\u043e\u0431\u0435\u0434\u0438\u043c<\/a><br \/>\n<a href=\"https:\/\/www.facebook.com\/hashtag\/armeniaagainstterrorism?__eep__=6&amp;__cft__%5b0%5d=AZW5IV3rInFQC8Yvu3S9N-YfOU4gIpPSqnIdHkSq1hEw5X3wf5eRyNPkA9pOgZHU4rJILlBeWcopcqoyNvxU8uSMLwlIAi-V3LCPFqS-UhnlKh17HmtsdcZuRMqfw0aDFec&amp;__tn__=*NK-R\">#ArmeniaAgainstTerrorism<\/a><\/p>","protected":false},"excerpt":{"rendered":"<p>G\u00f6ppingen. Die armenische Gemeinde Baden-W\u00fcrttemberg appelliert an die Weltgemeinschaft, an  [&#8230;]<\/p>\n","protected":false},"author":1,"featured_media":7487,"comment_status":"open","ping_status":"open","sticky":false,"template":"","format":"standard","meta":{"footnotes":""},"categories":[1],"tags":[],"class_list":["post-7494","post","type-post","status-publish","format-standard","has-post-thumbnail","hentry","category-unkategorisiert"],"_links":{"self":[{"href":"https:\/\/agbw.org\/am\/wp-json\/wp\/v2\/posts\/7494","targetHints":{"allow":["GET"]}}],"collection":[{"href":"https:\/\/agbw.org\/am\/wp-json\/wp\/v2\/posts"}],"about":[{"href":"https:\/\/agbw.org\/am\/wp-json\/wp\/v2\/types\/post"}],"author":[{"embeddable":true,"href":"https:\/\/agbw.org\/am\/wp-json\/wp\/v2\/users\/1"}],"replies":[{"embeddable":true,"href":"https:\/\/agbw.org\/am\/wp-json\/wp\/v2\/comments?post=7494"}],"version-history":[{"count":0,"href":"https:\/\/agbw.org\/am\/wp-json\/wp\/v2\/posts\/7494\/revisions"}],"wp:featuredmedia":[{"embeddable":true,"href":"https:\/\/agbw.org\/am\/wp-json\/wp\/v2\/media\/7487"}],"wp:attachment":[{"href":"https:\/\/agbw.org\/am\/wp-json\/wp\/v2\/media?parent=7494"}],"wp:term":[{"taxonomy":"category","embeddable":true,"href":"https:\/\/agbw.org\/am\/wp-json\/wp\/v2\/categories?post=7494"},{"taxonomy":"post_tag","embeddable":true,"href":"https:\/\/agbw.org\/am\/wp-json\/wp\/v2\/tags?post=7494"}],"curies":[{"name":"wp","href":"https:\/\/api.w.org\/{rel}","templated":true}]}}