{"id":7525,"date":"2020-10-10T17:00:09","date_gmt":"2020-10-10T15:00:09","guid":{"rendered":"http:\/\/agbw.org\/?p=7525"},"modified":"2021-04-21T20:49:25","modified_gmt":"2021-04-21T18:49:25","slug":"interview-zu-berg-karabach","status":"publish","type":"post","link":"https:\/\/agbw.org\/am\/2020\/interview-zu-berg-karabach\/","title":{"rendered":"Interview zu Berg-Karabach"},"content":{"rendered":"<p>Am 10. Oktober 2020 ist in der Ludwigsburger-Kreiszeitung ein Interview mit unserem Gemeindepfarrer Dr. Diradur Sardaryan erschienen, in dem er seine Sicht zum Konflikt in Artsakh (Berg Karabach) \u00e4u\u00dfert.<\/p>\n<p>Auf die Frage, welche Bedeutung Artsakh f\u00fcr Armenien hat antwortete er: &#8222;Aserbaidschan will dieses Territorium ohne die Armenier, die dort leben. Die Armenier sind aber keine G\u00e4ste in diesem Gebiet. Unsere Kl\u00f6ster, Kirchen und Kreuzsteine erz\u00e4hlen, dass wir seit Jahrhunderten dort leben, l\u00e4nger als Aserbaidschan oder die T\u00fcrkei als Staat existieren. Nach den Angriffen auf Armenier in den aserbaidschanischen St\u00e4dten Sumgait 1988 und Baku 1990 wollten die Armenier in Berg-Karabach verhindern, dass ein zweiter V\u00f6lkermord geschieht wie 1915\/16. Im Jahr 1991 haben die Menschen in Berg-Karabach nach einem Referendum ihre Unabh\u00e4ngigkeit erkl\u00e4rt.&#8220;.<\/p>\n<p>Das gesamte Interview k\u00f6nnen Sie hier lesen. F\u00fcr diese M\u00f6glichkeit bedanken wir uns bei der Redaktion der LKZ.<\/p>\n<div class=\"_df_book df-container df-loading\"  data-slug=\"7527\" data-_slug=\"7527\" _slug=\"7527\" data-title=\"lkz-berg-karabach\" id=\"df_7527\" data-df-option=\"df_option_7527\" ><\/div><script class=\"df-shortcode-script\" nowprocket type=\"application\/javascript\">window.df_option_7527 = {\"source\":\"http:\\\/\\\/agbw.org\\\/wp-content\\\/uploads\\\/2020\\\/10\\\/LKZ_20201010_Berg-Karabach.pdf\",\"outline\":[],\"autoEnableOutline\":false,\"autoEnableThumbnail\":false,\"overwritePDFOutline\":false,\"pageSize\":\"0\",\"direction\":\"1\",\"slug\":\"7527\",\"wpOptions\":\"true\",\"id\":7527}; if(window.DFLIP && window.DFLIP.parseBooks){window.DFLIP.parseBooks();}<\/script>","protected":false},"excerpt":{"rendered":"<p>Am 10. Oktober 2020 ist in der Ludwigsburger-Kreiszeitung ein Interview  [&#8230;]<\/p>\n","protected":false},"author":1,"featured_media":7526,"comment_status":"open","ping_status":"open","sticky":false,"template":"","format":"standard","meta":{"footnotes":""},"categories":[1],"tags":[],"class_list":["post-7525","post","type-post","status-publish","format-standard","has-post-thumbnail","hentry","category-unkategorisiert"],"_links":{"self":[{"href":"https:\/\/agbw.org\/am\/wp-json\/wp\/v2\/posts\/7525","targetHints":{"allow":["GET"]}}],"collection":[{"href":"https:\/\/agbw.org\/am\/wp-json\/wp\/v2\/posts"}],"about":[{"href":"https:\/\/agbw.org\/am\/wp-json\/wp\/v2\/types\/post"}],"author":[{"embeddable":true,"href":"https:\/\/agbw.org\/am\/wp-json\/wp\/v2\/users\/1"}],"replies":[{"embeddable":true,"href":"https:\/\/agbw.org\/am\/wp-json\/wp\/v2\/comments?post=7525"}],"version-history":[{"count":0,"href":"https:\/\/agbw.org\/am\/wp-json\/wp\/v2\/posts\/7525\/revisions"}],"wp:featuredmedia":[{"embeddable":true,"href":"https:\/\/agbw.org\/am\/wp-json\/wp\/v2\/media\/7526"}],"wp:attachment":[{"href":"https:\/\/agbw.org\/am\/wp-json\/wp\/v2\/media?parent=7525"}],"wp:term":[{"taxonomy":"category","embeddable":true,"href":"https:\/\/agbw.org\/am\/wp-json\/wp\/v2\/categories?post=7525"},{"taxonomy":"post_tag","embeddable":true,"href":"https:\/\/agbw.org\/am\/wp-json\/wp\/v2\/tags?post=7525"}],"curies":[{"name":"wp","href":"https:\/\/api.w.org\/{rel}","templated":true}]}}