{"id":7592,"date":"2020-10-30T10:06:21","date_gmt":"2020-10-30T09:06:21","guid":{"rendered":"http:\/\/agbw.org\/?p=7592"},"modified":"2021-04-21T20:22:38","modified_gmt":"2021-04-21T18:22:38","slug":"wir-beten-fuer-nizza","status":"publish","type":"post","link":"https:\/\/agbw.org\/am\/2020\/wir-beten-fuer-nizza\/","title":{"rendered":"Wir beten f\u00fcr Nizza"},"content":{"rendered":"<p><strong>Die Armenische Gemeinde Baden-W\u00fcrttemberg ist entsetzt von den schrecklichen Ereignissen in Nizza und \u00e4u\u00dfert Ihren Beileid und Mitgef\u00fchl den Angeh\u00f6rigen und k\u00fcndigt ihre Solidarit\u00e4t mit dem franz\u00f6sischen Volk.<\/strong><\/p>\n<p><img decoding=\"async\" class=\"alignnone wp-image-7593 size-fusion-1200\" src=\"http:\/\/agbw.org\/wp-content\/uploads\/2020\/10\/8qgfnfc2oai-1200x800.jpg\" alt=\"lighted candle\" width=\"1200\" height=\"800\" \/><\/p>\n<p>Nach dem Mord an Samuel Paty in Paris, nach der Nachricht dass friedliche armenische Demonstranten mit Hammer und Messern n\u00e4he Lyon attackiert wurden, erreicht uns nun die Nachricht dieser brutalen Gewalt in Nizza. Zwei Frauen und ein Mann sind zum Opfer gefallen. Die Grausamkeit der T\u00e4ter ist schockierend. Diese Handschrift kennen wir leider auch von dem, was unsere armenischen Schwestern und Br\u00fcder in Syrien, in der T\u00fcrkei und seit fast einem Monat in Armenien und Artsakh gesehen und erlebt haben. Es ist abscheulich was geschehen ist. Keiner darf es kleinreden oder die vorhandenen Probleme gar verschweigen. Handeln ist notwendig.<\/p>\n<p>Der religi\u00f6se und ethnisch motivierte Gewalt muss verurteilt werden und es m\u00fcssen Ma\u00dfnahmen ergriffen werden, mit denen die Freiheit jedes einzelnen Menschen und sein Lebensrecht gesch\u00fctzt und garantiert werden. Es ist f\u00fcr uns, als armenische Christen, unertr\u00e4glich zu h\u00f6ren, dass solche Verbrechen &#8222;im Namen Gottes&#8220; geschehen. Der Gott, an den wir als Armenier glauben, ist ein Gott der Liebe, der Freiheit und der Barmherzigkeit, deshalb sehen wir solche Proklamierungen als Sch\u00e4ndung und Vergewaltigung des Glaubens, u.a. auch der Muslime.<\/p>\n<p>&#8222;Gleichzeitig m\u00f6chten wir ausdr\u00fccklich darauf bestehen, dass Hass uns Spaltung der Gesellschaft keine Alternativen sind. Als armenische Christen beten wir f\u00fcr die Opfer und Ihre Familien. Wir werden uns weiterhin, mit allen uns zur Verf\u00fcgung stehenden Mitteln, f\u00fcr ein tolerantes und friedliches Miteinander der V\u00f6lker und Religionen einsetzen&#8220;, so der Gemeindepfarrer der Armenischen Gemeinde Baden-W\u00fcrttemberg Pfr. Dr. Diradur Sardaryan.<\/p>\n<p>In Nizza hatte am Donnerstagvormittag ein Mann drei Menschen in und nahe der Basilika Notre-Dame mit einem Messer get\u00f6tet. Mindestens sechs weitere Menschen wurden verletzt.<\/p>","protected":false},"excerpt":{"rendered":"<p>Die Armenische Gemeinde Baden-W\u00fcrttemberg ist entsetzt von den schrecklichen Ereignissen  [&#8230;]<\/p>\n","protected":false},"author":1,"featured_media":7593,"comment_status":"open","ping_status":"open","sticky":false,"template":"","format":"standard","meta":{"footnotes":""},"categories":[1],"tags":[],"class_list":["post-7592","post","type-post","status-publish","format-standard","has-post-thumbnail","hentry","category-unkategorisiert"],"_links":{"self":[{"href":"https:\/\/agbw.org\/am\/wp-json\/wp\/v2\/posts\/7592","targetHints":{"allow":["GET"]}}],"collection":[{"href":"https:\/\/agbw.org\/am\/wp-json\/wp\/v2\/posts"}],"about":[{"href":"https:\/\/agbw.org\/am\/wp-json\/wp\/v2\/types\/post"}],"author":[{"embeddable":true,"href":"https:\/\/agbw.org\/am\/wp-json\/wp\/v2\/users\/1"}],"replies":[{"embeddable":true,"href":"https:\/\/agbw.org\/am\/wp-json\/wp\/v2\/comments?post=7592"}],"version-history":[{"count":0,"href":"https:\/\/agbw.org\/am\/wp-json\/wp\/v2\/posts\/7592\/revisions"}],"wp:featuredmedia":[{"embeddable":true,"href":"https:\/\/agbw.org\/am\/wp-json\/wp\/v2\/media\/7593"}],"wp:attachment":[{"href":"https:\/\/agbw.org\/am\/wp-json\/wp\/v2\/media?parent=7592"}],"wp:term":[{"taxonomy":"category","embeddable":true,"href":"https:\/\/agbw.org\/am\/wp-json\/wp\/v2\/categories?post=7592"},{"taxonomy":"post_tag","embeddable":true,"href":"https:\/\/agbw.org\/am\/wp-json\/wp\/v2\/tags?post=7592"}],"curies":[{"name":"wp","href":"https:\/\/api.w.org\/{rel}","templated":true}]}}