{"id":7620,"date":"2020-11-02T18:01:25","date_gmt":"2020-11-02T17:01:25","guid":{"rendered":"http:\/\/agbw.org\/?p=7620"},"modified":"2021-04-21T09:27:02","modified_gmt":"2021-04-21T07:27:02","slug":"beten-und-fasten","status":"publish","type":"post","link":"https:\/\/agbw.org\/am\/2020\/beten-und-fasten\/","title":{"rendered":"Beten und Fasten f\u00fcr den Frieden"},"content":{"rendered":"<div class=\"o9v6fnle cxmmr5t8 oygrvhab hcukyx3x c1et5uql ii04i59q\">\n<div dir=\"auto\"><em><strong>&#8222;Wir fasteten also und suchten in dieser Sache Hilfe bei unserem Gott und er erh\u00f6rte uns&#8220; <\/strong><\/em><em><strong>(<a href=\"https:\/\/www.bibleserver.com\/EU\/Esra8%2C23\" class=\"bibleserver extern\" target=\"_blank\" rel=\"noopener\">Esra 8, 23<\/a>).<\/strong><\/em><\/div>\n<\/div>\n<div class=\"o9v6fnle cxmmr5t8 oygrvhab hcukyx3x c1et5uql ii04i59q\">\n<p dir=\"auto\"><img decoding=\"async\" class=\"alignnone size-full wp-image-7621\" src=\"http:\/\/agbw.org\/wp-content\/uploads\/2020\/11\/gebetfuerfrieden.jpg\" alt=\"\" width=\"900\" height=\"600\" srcset=\"https:\/\/agbw.org\/wp-content\/uploads\/2020\/11\/gebetfuerfrieden-500x333.jpg 500w, https:\/\/agbw.org\/wp-content\/uploads\/2020\/11\/gebetfuerfrieden-700x467.jpg 700w, https:\/\/agbw.org\/wp-content\/uploads\/2020\/11\/gebetfuerfrieden.jpg 900w\" sizes=\"(max-width: 900px) 100vw, 900px\" \/><\/p>\n<p dir=\"auto\">Liebe Schwestern und Br\u00fcder,<\/p>\n<p dir=\"auto\">wir schlie\u00dfen uns dem Aufruf der Oberh\u00e4upter der Di\u00f6zesen der Armenisch-Apostolischen Kirche in Europa an und laden die Angeh\u00f6rigen unserer Kirche und Mitglieder unserer Di\u00f6zese ein, am <strong>6. November 2020, von 06 Uhr bis 18 Uhr<\/strong>, zu fasten und jeder vollen Stunde mit dem folgenden Wunsch zu beten:<\/p>\n<\/div>\n<blockquote>\n<div dir=\"auto\">\u201eUnser Herr und Erl\u00f6ser, Jesus Christus, ich verlasse mich auf Deine Macht und bitte Dich und flehe Dich an, damit der Krieg in unserem Heimatland endet und die Angriffe der Feinde aufh\u00f6ren und Liebe und Gerechtigkeit auf den armenischen Boden gefestigt werden. Gib, dass wir an Deinen Geboten festhalten und standhaft bleiben im Glauben, in der Hoffnung und in der Liebe. Amen!\u201c<\/div>\n<\/blockquote>\n<div dir=\"auto\">Am selben Tag, 18.00 Uhr, wird auch in den Kirchen unserer Di\u00f6zese (in K\u00f6ln auch mit Live-\u00dcbertragung auf Facebook) ein spezielles Friedensgebet stattfinden. Wir laden alle in Europa und vor allem in Deutschland lebenden Armenier ein, sich an das Gebet unserer Bisch\u00f6fe und Geistlichkeit einzuschlie\u00dfen und mit den Worten von Hl. Gregor von Narek mit ihnen gemeinsam mitzubeten:<\/div>\n<div dir=\"auto\">\n<blockquote><p>\u201eSohn des lebendigen Gottes, gesegnet in allem, unbegreifliche Geburt aus dem allm\u00e4chtigen Vater, f\u00fcr dich ist nichts unm\u00f6glich. Das Aufgehen der schattenlosen Ausstrahlung Deiner Barmherzigkeit schmelzt die S\u00fcnden, vertreibt die Geister, l\u00f6st die Verbrechen, bricht die Fesseln, zerst\u00f6rt die Ketten, weckt die Toten auf, heilt die Kranken, schlie\u00dft die Wunden, verwischt die Verderbnis, beseitigt den Kummer, erhellt die Dunkelheit, l\u00f6st die Dunst auf, lichtet den Nebel, vertreibt die Finsternis, l\u00e4sst die Dunkelheit verblassen, die Nacht vergehen, verbannt die Angst und die Verzweiflung, l\u00e4sst das B\u00f6se verschwinden und es regiert Deine allm\u00e4chtige Hand, Du, Erl\u00f6ser aller. Und gepriesen bist Du in der H\u00f6he zusammen mit deinem Vater und deinem Heiligen Geist, jetzt und immerdar. Amen!\u201c<\/p><\/blockquote>\n<\/div>\n<div dir=\"auto\">Das Fasten endet mit dem Ende der Andacht.<\/div>\n<div class=\"o9v6fnle cxmmr5t8 oygrvhab hcukyx3x c1et5uql ii04i59q\">\n<p dir=\"auto\">In der Bibel, aber auch in der christlichen Erfahrung, war strenges Fasten (freiwillige vor\u00fcbergehende Verzicht auf Nahrungsmittel, bei Bedarf mit Ausnahme vom Wasser) bzw. Fasten (freiwillige Verzicht auf Fleisch und Fleischprodukten, Eiern, Milchprodukten) unter Gl\u00e4ubigen sehr verbreitet. Alle beiden Fastenformen werden nat\u00fcrlich vom Gebet begleitet.<\/p>\n<\/div>\n<div class=\"o9v6fnle cxmmr5t8 oygrvhab hcukyx3x c1et5uql ii04i59q\">\n<div dir=\"auto\">Das Fasten wird zum Zweck der \u00dcberwindung verschiedener Probleme, f\u00fcr die Gesundheit der Seele und des Leibes, f\u00fcr die Genesung, f\u00fcr den Frieden und f\u00fcr andere Zwecke gehalten. Es gibt bestimmte Zeitr\u00e4ume im Jahr (wie z. B. die Gro\u00dfe Fastenzeit vor Ostern), in dem man aufgefordert wird, zu fasten. Die Kirche kann zu besonderen Anl\u00e4ssen die Gl\u00e4ubigen zum gemeinsamen gemeinschaftlichen Fasten aufrufen. M\u00f6ge Gott uns beh\u00fcten! Amen!<\/div>\n<\/div>\n<div class=\"o9v6fnle cxmmr5t8 oygrvhab hcukyx3x c1et5uql ii04i59q\">\n<div dir=\"auto\">Kanzlei der Di\u00f6zese<\/div>\n<div dir=\"auto\">02.11. 2020<\/div>\n<\/div>","protected":false},"excerpt":{"rendered":"<p>&#8222;Wir fasteten also und suchten in dieser Sache Hilfe bei  [&#8230;]<\/p>\n","protected":false},"author":1,"featured_media":7621,"comment_status":"open","ping_status":"open","sticky":false,"template":"","format":"standard","meta":{"footnotes":""},"categories":[1],"tags":[],"class_list":["post-7620","post","type-post","status-publish","format-standard","has-post-thumbnail","hentry","category-unkategorisiert"],"_links":{"self":[{"href":"https:\/\/agbw.org\/am\/wp-json\/wp\/v2\/posts\/7620","targetHints":{"allow":["GET"]}}],"collection":[{"href":"https:\/\/agbw.org\/am\/wp-json\/wp\/v2\/posts"}],"about":[{"href":"https:\/\/agbw.org\/am\/wp-json\/wp\/v2\/types\/post"}],"author":[{"embeddable":true,"href":"https:\/\/agbw.org\/am\/wp-json\/wp\/v2\/users\/1"}],"replies":[{"embeddable":true,"href":"https:\/\/agbw.org\/am\/wp-json\/wp\/v2\/comments?post=7620"}],"version-history":[{"count":0,"href":"https:\/\/agbw.org\/am\/wp-json\/wp\/v2\/posts\/7620\/revisions"}],"wp:featuredmedia":[{"embeddable":true,"href":"https:\/\/agbw.org\/am\/wp-json\/wp\/v2\/media\/7621"}],"wp:attachment":[{"href":"https:\/\/agbw.org\/am\/wp-json\/wp\/v2\/media?parent=7620"}],"wp:term":[{"taxonomy":"category","embeddable":true,"href":"https:\/\/agbw.org\/am\/wp-json\/wp\/v2\/categories?post=7620"},{"taxonomy":"post_tag","embeddable":true,"href":"https:\/\/agbw.org\/am\/wp-json\/wp\/v2\/tags?post=7620"}],"curies":[{"name":"wp","href":"https:\/\/api.w.org\/{rel}","templated":true}]}}