{"id":7624,"date":"2020-11-03T11:27:35","date_gmt":"2020-11-03T10:27:35","guid":{"rendered":"http:\/\/agbw.org\/?p=7624"},"modified":"2021-04-21T20:24:58","modified_gmt":"2021-04-21T18:24:58","slug":"solidaritaet-mit-oesterreich","status":"publish","type":"post","link":"https:\/\/agbw.org\/am\/2020\/solidaritaet-mit-oesterreich\/","title":{"rendered":"Solidarit\u00e4t mit \u00d6sterreich"},"content":{"rendered":"<p><img decoding=\"async\" class=\"wp-image-7594 size-large alignnone\" src=\"http:\/\/agbw.org\/wp-content\/uploads\/2020\/10\/urakbpknak8-1024x683.jpg\" alt=\"white candle lot\" width=\"1024\" height=\"683\" \/><\/p>\n<p>Die Armenische Gemeinde Baden-W\u00fcrttemberg ist entsetzt von den schrecklichen Ereignissen in Wien, das kulturelle Herz Europas. Hiermit m\u00f6chten wir unser Beileid und Mitgef\u00fchl den Angeh\u00f6rigen \u00e4u\u00dfern und unsere Solidarit\u00e4t mit dem \u00f6sterreichischen Volk zum Ausdruck bringen. Die Grausamkeit der T\u00e4ter ist schockierend.<\/p>\n<p>Pfr. Dr. Diradur Sardaryan hat in einem Brief an den Honorarkonsul der Republik \u00d6sterreich in Stuttgart Herrn Dr. iur. Cornelius Grupp geschrieben in dem er im Namen der Armenischen Gemeinde Beileid und Solidarit\u00e4t mit dem \u00f6sterreichischen Volk ausgesprochen hat.<\/p>\n<p>Dabei hei\u00dft es u.a. &#8220; Die religi\u00f6s und ethnisch motivierte Gewalt muss verurteilt werden und es m\u00fcssen Ma\u00dfnahmen ergriffen werden, mit denen die Freiheit jedes einzelnen Menschen und sein Lebensrecht gesch\u00fctzt und garantiert werden. Es ist f\u00fcr uns, als armenische Christen, unertr\u00e4glich zu h\u00f6ren, dass solche Verbrechen \u201eim Namen Gottes\u201c geschehen. Der Gott, an den wir als Armenier glauben, ist ein Gott der Liebe, der Freiheit und der Barmherzigkeit, deshalb sehen wir solche Proklamierungen als Sch\u00e4ndung und Vergewaltigung des Glaubens, u.a. auch der Glaube der Muslime. Gleichzeitig m\u00f6chten wir ausdr\u00fccklich darauf bestehen, dass Hass und Spaltung der Gesellschaft keine Alternativen sind. Als armenische Christen beten wir f\u00fcr die Opfer und Ihre Familien. Wir werden uns weiterhin, mit allen uns zur Verf\u00fcgung stehenden Mitteln, f\u00fcr ein tolerantes und friedliches Miteinander der V\u00f6lker und Religionen einsetzen&#8220;.<\/p>","protected":false},"excerpt":{"rendered":"<p>Die Armenische Gemeinde Baden-W\u00fcrttemberg ist entsetzt von den schrecklichen Ereignissen  [&#8230;]<\/p>\n","protected":false},"author":1,"featured_media":7594,"comment_status":"open","ping_status":"open","sticky":false,"template":"","format":"standard","meta":{"footnotes":""},"categories":[1],"tags":[],"class_list":["post-7624","post","type-post","status-publish","format-standard","has-post-thumbnail","hentry","category-unkategorisiert"],"_links":{"self":[{"href":"https:\/\/agbw.org\/am\/wp-json\/wp\/v2\/posts\/7624","targetHints":{"allow":["GET"]}}],"collection":[{"href":"https:\/\/agbw.org\/am\/wp-json\/wp\/v2\/posts"}],"about":[{"href":"https:\/\/agbw.org\/am\/wp-json\/wp\/v2\/types\/post"}],"author":[{"embeddable":true,"href":"https:\/\/agbw.org\/am\/wp-json\/wp\/v2\/users\/1"}],"replies":[{"embeddable":true,"href":"https:\/\/agbw.org\/am\/wp-json\/wp\/v2\/comments?post=7624"}],"version-history":[{"count":0,"href":"https:\/\/agbw.org\/am\/wp-json\/wp\/v2\/posts\/7624\/revisions"}],"wp:featuredmedia":[{"embeddable":true,"href":"https:\/\/agbw.org\/am\/wp-json\/wp\/v2\/media\/7594"}],"wp:attachment":[{"href":"https:\/\/agbw.org\/am\/wp-json\/wp\/v2\/media?parent=7624"}],"wp:term":[{"taxonomy":"category","embeddable":true,"href":"https:\/\/agbw.org\/am\/wp-json\/wp\/v2\/categories?post=7624"},{"taxonomy":"post_tag","embeddable":true,"href":"https:\/\/agbw.org\/am\/wp-json\/wp\/v2\/tags?post=7624"}],"curies":[{"name":"wp","href":"https:\/\/api.w.org\/{rel}","templated":true}]}}