{"id":8127,"date":"2020-12-30T09:35:53","date_gmt":"2020-12-30T08:35:53","guid":{"rendered":"http:\/\/agbw.org\/?p=8127"},"modified":"2021-04-21T11:19:10","modified_gmt":"2021-04-21T09:19:10","slug":"weihnachtspost-vom-gemeindepfarrer","status":"publish","type":"post","link":"https:\/\/agbw.org\/am\/2020\/weihnachtspost-vom-gemeindepfarrer\/","title":{"rendered":"Weihnachtspost vom Gemeindepfarrer"},"content":{"rendered":"<p><div class=\"fusion-fullwidth fullwidth-box fusion-builder-row-1 fusion-flex-container nonhundred-percent-fullwidth non-hundred-percent-height-scrolling\" style=\"--awb-border-radius-top-left:0px;--awb-border-radius-top-right:0px;--awb-border-radius-bottom-right:0px;--awb-border-radius-bottom-left:0px;--awb-flex-wrap:wrap;\" ><div class=\"fusion-builder-row fusion-row fusion-flex-align-items-flex-start fusion-flex-content-wrap\" style=\"max-width:1248px;margin-left: calc(-4% \/ 2 );margin-right: calc(-4% \/ 2 );\"><div class=\"fusion-layout-column fusion_builder_column fusion-builder-column-0 fusion_builder_column_1_1 1_1 fusion-flex-column\" style=\"--awb-bg-size:cover;--awb-width-large:100%;--awb-margin-top-large:0px;--awb-spacing-right-large:1.92%;--awb-margin-bottom-large:20px;--awb-spacing-left-large:1.92%;--awb-width-medium:100%;--awb-order-medium:0;--awb-spacing-right-medium:1.92%;--awb-spacing-left-medium:1.92%;--awb-width-small:100%;--awb-order-small:0;--awb-spacing-right-small:1.92%;--awb-spacing-left-small:1.92%;\"><div class=\"fusion-column-wrapper fusion-column-has-shadow fusion-flex-justify-content-flex-start fusion-content-layout-column\"><div class=\"fusion-image-element\" style=\"--awb-caption-title-font-family:var(--h2_typography-font-family);--awb-caption-title-font-weight:var(--h2_typography-font-weight);--awb-caption-title-font-style:var(--h2_typography-font-style);--awb-caption-title-size:var(--h2_typography-font-size);--awb-caption-title-transform:var(--h2_typography-text-transform);--awb-caption-title-line-height:var(--h2_typography-line-height);--awb-caption-title-letter-spacing:var(--h2_typography-letter-spacing);\"><span class=\"fusion-imageframe imageframe-none imageframe-1 hover-type-none\"><img decoding=\"async\" width=\"900\" height=\"600\" alt=\"Pfarrbrief_Foto_Ben-White-unsplash\" title=\"Pfarrbrief_ben-white-unsplash\" src=\"http:\/\/agbw.org\/wp-content\/uploads\/2020\/12\/Pfarrbrief_ben-white-unsplash.jpg\" class=\"img-responsive wp-image-8130\" srcset=\"https:\/\/agbw.org\/wp-content\/uploads\/2020\/12\/Pfarrbrief_ben-white-unsplash-500x333.jpg 500w, https:\/\/agbw.org\/wp-content\/uploads\/2020\/12\/Pfarrbrief_ben-white-unsplash-700x467.jpg 700w, https:\/\/agbw.org\/wp-content\/uploads\/2020\/12\/Pfarrbrief_ben-white-unsplash.jpg 900w\" sizes=\"(max-width: 900px) 100vw, 900px\" \/><\/span><\/div><div class=\"fusion-separator fusion-full-width-sep\" style=\"align-self: center;margin-left: auto;margin-right: auto;margin-top:15px;margin-bottom:15px;width:100%;\"><\/div><div class=\"fusion-title title fusion-title-1 fusion-sep-none fusion-title-text fusion-title-size-two\" style=\"--awb-text-color:#cd212a;--awb-margin-top-small:10px;--awb-margin-right-small:0px;--awb-margin-bottom-small:10px;--awb-margin-left-small:0px;\"><h2 class=\"fusion-title-heading title-heading-left fusion-responsive-typography-calculated\" style=\"margin:0;--fontSize:28;line-height:1.2;\"><p><i>Meine Hoffnung, mein Zuversicht<br \/>\nbist Du mein Christus, Du bist mein Licht!<\/i><\/p><\/h2><\/div><div class=\"fusion-separator fusion-full-width-sep\" style=\"align-self: center;margin-left: auto;margin-right: auto;margin-top:15px;margin-bottom:15px;width:100%;\"><\/div><div class=\"fusion-text fusion-text-1\"><p><b>Liebe Schwestern und Br\u00fcder,<\/b><\/p>\n<p>das Jahr 2020 neigt sich dem Ende zu. Ein Jahr, welches als ein sehr Bitteres in unserer Erinnerung bleiben wird. Nicht nur die Pandemie, mit all dem Unheil, mit den vielen Sterbef\u00e4llen, mit den enormen Einschr\u00e4nkungen in unserem privaten und gesellschaftlichen Leben, mit der Ungewissheit, was die Zukunft angeht, hat 2020 zu einem Jahr, voller Herausforderungen gemacht.<\/p>\n<p><strong>Als Kirchengemeinde d\u00fcrfen wir seit mehreren Monaten unsere Gottesdienste und unser Gemeindeleben nur mit Einschr\u00e4nkungen f\u00fchren. Karwoche und Ostern ohne Kirchgang, Gottesdienste mit begrenztem Kapazit\u00e4t der Gl\u00e4ubigen, Verzicht auf \u00f6ffentliche Veranstaltungen und deshalb auch auf die Armenischen Kulturtage Stuttgart, die dieses Jahr zum zehnten Mal stattfinden sollten, Samstagsschule, die nur online stattfinden darf.<\/strong> All das hat uns sehr belastet und vor Schwierigkeiten gestellt.<\/p>\n<p>Auch die Situation in Libanon, sp\u00e4ter aber der Krieg in Artsakh, verbunden mit dem Verlust von Gebieten, von tausenden Menschenleben, von Kulturdenkm\u00e4lern, Kirchen und Kl\u00f6stern sind schwer zu verkraften. Ein Kriegsende mit tausenden Toten und Verwundeten, mit mehr als 35 000 Fl\u00fcchtlingen, vielem Leid, welches nicht zu beschreiben ist, sowie die aktuelle unruhige, katastrophale Lage in Armenien, belasten uns alle und machen uns verwundet und traurig.<\/p>\n<p><strong>Doch gleichzeitig will ich auch das zum Ausdruck bringen, was mich, als eurer geistlichen Vater, gefreut hat. Viele von euch haben gerade in dieser schwierigen Zeit sich engagiert, in vielerlei Hinsicht.<\/strong> Viele von euch, liebe Schwestern und Br\u00fcder, ob Alt oder Jung, haben sich an Spendenaktionen beteiligt. Viele von euch haben Menschen, die in Not sind, geholfen.<\/p>\n<p><strong>F\u00fcr euren au\u00dferordentlich wichtigen Einsatz will ich mich bei euch allen bedanken.<\/strong> Seit langem habe ich die Einheit in dieser Form nicht gesehen. Vor allem, und dies will ich besonders betonen, hat das Engagement von unseren jungen Gemeindemitgliedern mich mit Dankbarkeit, Hoffnung und Zuversicht erf\u00fcllt,\u00a0 was die Zukunft unserer Gemeinde aber auch die Zukunft unseres Vaterlandes Armenien angeht.<\/p>\n<p><strong>Nun stehen wir vor der gro\u00dfen und verantwortungsvollen Aufgabe, das Potenzial der wiederbelebten Einheit, das Gef\u00fchl der Geschwisterlichkeit, der Solidarit\u00e4t, in die richtige Wege zu leiten, denn wir stehen heute immer noch vor besonders gro\u00dfen Herausforderungen in jeglicher Hinsicht.<\/strong><\/p>\n<p>Die Schwierigkeiten des vergangenen Jahres und die Herausforderungen, vor denen wir heute stehen, d\u00fcrfen uns aber auf keinen Fall zur Hoffnungslosigkeit f\u00fchren. Vielmehr sollten wir jetzt, wo wir kurz vor dem Fest der Geburt unseres Herrn Jesus Christus stehen, gerst\u00e4rkt sein in unserem Glauben, durch die Frohe Botschaft, welches uns neues Licht und Hoffnung bringt. Und deshalb bete ich heute und lade euch alle mit zu beten und zu sagen:<\/p>\n<p><strong>Denn trotz allem werden wir gemeinsam am Heilig Abend singen und frohlocken: \u201eChristus ist Geboren und Erschienen. F\u00fcr uns und f\u00fcr euch die frohe Botschaft\u201c!<\/strong> Dabei werden wir unsere Freude \u00e4u\u00dfern, dass Gott die Grenzen des Universums \u00fcberschreitet und dem Menschen nahe kommt. In der Zeit, wo Menschen so weit voneinander zu sein scheinen, hat diese Botschaft eine enorm wichtige Bedeutung. Und in dem wir durch unseren Herrn gerade an Weihnachten Gaben wie Leben, Liebe, Trost, Frieden und Segen erhalten, sind wir aufgefordert, verst\u00e4rkt durch diese Gaben, den Dienst an Menschen zu st\u00e4rken.<\/p>\n<p>In diesem Sinne ist es auch meine Hoffnung, als euer Gemeindepfarrer, dass wir uns gemeinsam weiterhin f\u00fcr das Wohl unserer Gemeinde, unserer Mitmenschen, unseres Heimatlandes und unserer Kirche, uns einsetzen werden. Vor allem hoffe ich, dass sich viele von euch aktiver an den Gottesdiensten, an den Veranstaltungen, an den Aktionen, aber auch an den bevorstehenden Vorstandswahlen, beteiligen und Verantwortung \u00fcbernehmen werden. Da nun unsere Web-Seite nach Aktualisierungen wieder Online ist, informiert euch bitte durch die Web-Seite und durch die Sozmedien \u00fcber unsere Arbeit, Gottesdienste, Veranstaltungen und Aktionen und nimmt am Gemeindeleben teil.<\/p>\n<p><strong>Meine Hoffnung, mein Zuversicht, ist Christus, mein Herr und mein Licht, aber auch jeder einzelner von euch, denn in jedem Einzelnen von euch begegne ich den Herrn Jesus Christus.<\/strong><\/p>\n<p>Liebe Schwestern und Br\u00fcder, der Vorstand unserer Gemeinde und ich w\u00fcnschen, dass der Heiland euch mit der F\u00fclle seiner Gaben beschenkt. Wir w\u00fcnschen euch Kraft und Gesundheit, Hoffnung und Lebensfreude. Wir beten f\u00fcr den Frieden in Armenien und Artsakh. Wir beten f\u00fcr alle, die Notleiden.<\/p>\n<p>Gott m\u00f6ge uns alle im kommenden Jahr 2021 besch\u00fctzen, segnen und Freude schenken!<\/p>\n<p>Stets im Gebet f\u00fcr euch,<br \/>\nEuer Pfr. Dr. Diradur Sardaryan<\/p>\n<\/div><\/div><\/div><\/div><\/div><div class=\"fusion-fullwidth fullwidth-box fusion-builder-row-2 fusion-flex-container nonhundred-percent-fullwidth non-hundred-percent-height-scrolling\" style=\"--awb-border-radius-top-left:0px;--awb-border-radius-top-right:0px;--awb-border-radius-bottom-right:0px;--awb-border-radius-bottom-left:0px;--awb-flex-wrap:wrap;\" ><div class=\"fusion-builder-row fusion-row fusion-flex-align-items-flex-start fusion-flex-content-wrap\" style=\"max-width:1248px;margin-left: calc(-4% \/ 2 );margin-right: calc(-4% \/ 2 );\"><div class=\"fusion-layout-column fusion_builder_column fusion-builder-column-1 fusion_builder_column_1_1 1_1 fusion-flex-column\" style=\"--awb-bg-size:cover;--awb-width-large:100%;--awb-margin-top-large:0px;--awb-spacing-right-large:1.92%;--awb-margin-bottom-large:20px;--awb-spacing-left-large:1.92%;--awb-width-medium:100%;--awb-order-medium:0;--awb-spacing-right-medium:1.92%;--awb-spacing-left-medium:1.92%;--awb-width-small:100%;--awb-order-small:0;--awb-spacing-right-small:1.92%;--awb-spacing-left-small:1.92%;\"><div class=\"fusion-column-wrapper fusion-column-has-shadow fusion-flex-justify-content-flex-start fusion-content-layout-column\"><div class=\"fusion-separator fusion-full-width-sep\" style=\"align-self: center;margin-left: auto;margin-right: auto;margin-top:15px;margin-bottom:15px;width:100%;\"><div class=\"fusion-separator-border sep-double sep-solid\" style=\"--awb-height:20px;--awb-amount:20px;--awb-sep-color:#cd212a;border-color:#cd212a;border-top-width:1px;border-bottom-width:1px;\"><\/div><\/div><\/div><\/div><div class=\"fusion-layout-column fusion_builder_column fusion-builder-column-2 fusion_builder_column_1_1 1_1 fusion-flex-column\" style=\"--awb-bg-size:cover;--awb-width-large:100%;--awb-margin-top-large:0px;--awb-spacing-right-large:1.92%;--awb-margin-bottom-large:20px;--awb-spacing-left-large:1.92%;--awb-width-medium:100%;--awb-order-medium:0;--awb-spacing-right-medium:1.92%;--awb-spacing-left-medium:1.92%;--awb-width-small:100%;--awb-order-small:0;--awb-spacing-right-small:1.92%;--awb-spacing-left-small:1.92%;\"><div class=\"fusion-column-wrapper fusion-column-has-shadow fusion-flex-justify-content-flex-start fusion-content-layout-column\"><div class=\"fusion-image-element\" style=\"--awb-caption-title-font-family:var(--h2_typography-font-family);--awb-caption-title-font-weight:var(--h2_typography-font-weight);--awb-caption-title-font-style:var(--h2_typography-font-style);--awb-caption-title-size:var(--h2_typography-font-size);--awb-caption-title-transform:var(--h2_typography-text-transform);--awb-caption-title-line-height:var(--h2_typography-line-height);--awb-caption-title-letter-spacing:var(--h2_typography-letter-spacing);\"><span class=\"fusion-imageframe imageframe-none imageframe-2 hover-type-none\"><a class=\"fusion-no-lightbox\" href=\"http:\/\/agbw.org\/am\/spendenaktion-fuer-artsakh\/\" target=\"_self\" aria-label=\"Arzach Beitragsbild\"><img decoding=\"async\" width=\"900\" height=\"600\" src=\"http:\/\/agbw.org\/wp-content\/uploads\/2020\/11\/Arzach-Beitragsbild.jpg\" alt class=\"img-responsive wp-image-7716\" srcset=\"https:\/\/agbw.org\/wp-content\/uploads\/2020\/11\/Arzach-Beitragsbild-500x333.jpg 500w, https:\/\/agbw.org\/wp-content\/uploads\/2020\/11\/Arzach-Beitragsbild-700x467.jpg 700w, https:\/\/agbw.org\/wp-content\/uploads\/2020\/11\/Arzach-Beitragsbild.jpg 900w\" sizes=\"(max-width: 900px) 100vw, 900px\" \/><\/a><\/span><\/div><\/div><\/div><div class=\"fusion-layout-column fusion_builder_column fusion-builder-column-3 fusion_builder_column_1_1 1_1 fusion-flex-column\" style=\"--awb-bg-size:cover;--awb-width-large:100%;--awb-margin-top-large:0px;--awb-spacing-right-large:1.92%;--awb-margin-bottom-large:20px;--awb-spacing-left-large:1.92%;--awb-width-medium:100%;--awb-order-medium:0;--awb-spacing-right-medium:1.92%;--awb-spacing-left-medium:1.92%;--awb-width-small:100%;--awb-order-small:0;--awb-spacing-right-small:1.92%;--awb-spacing-left-small:1.92%;\"><div class=\"fusion-column-wrapper fusion-column-has-shadow fusion-flex-justify-content-flex-start fusion-content-layout-column\"><div class=\"fusion-title title fusion-title-2 fusion-sep-none fusion-title-center fusion-title-text fusion-title-size-four\" style=\"--awb-margin-top-small:10px;--awb-margin-right-small:0px;--awb-margin-bottom-small:10px;--awb-margin-left-small:0px;\"><h4 class=\"fusion-title-heading title-heading-center fusion-responsive-typography-calculated\" style=\"margin:0;--fontSize:20;--minFontSize:20;line-height:1.2;\"><p>Liebe Gemeindemitglieder und Freunde,<br \/>\nDie Aktion &#8222;Ein Herz f\u00fcr Artsakh&#8220; geht weiter.<br \/>\nWir freuen uns auf Ihre Beteiligung an der Aktion.<br \/>\n<a href=\"http:\/\/agbw.org\/am\/spendenaktion-fuer-artsakh\/\" target=\"_blank\" rel=\"noopener\">Helfen Sie uns helfen! Seien Sie dabei!<\/a><\/p><\/h4><\/div><\/div><\/div><\/div><\/div><\/p>","protected":false},"excerpt":{"rendered":"","protected":false},"author":1,"featured_media":8130,"comment_status":"open","ping_status":"open","sticky":false,"template":"","format":"standard","meta":{"footnotes":""},"categories":[1],"tags":[],"class_list":["post-8127","post","type-post","status-publish","format-standard","has-post-thumbnail","hentry","category-unkategorisiert"],"_links":{"self":[{"href":"https:\/\/agbw.org\/am\/wp-json\/wp\/v2\/posts\/8127","targetHints":{"allow":["GET"]}}],"collection":[{"href":"https:\/\/agbw.org\/am\/wp-json\/wp\/v2\/posts"}],"about":[{"href":"https:\/\/agbw.org\/am\/wp-json\/wp\/v2\/types\/post"}],"author":[{"embeddable":true,"href":"https:\/\/agbw.org\/am\/wp-json\/wp\/v2\/users\/1"}],"replies":[{"embeddable":true,"href":"https:\/\/agbw.org\/am\/wp-json\/wp\/v2\/comments?post=8127"}],"version-history":[{"count":0,"href":"https:\/\/agbw.org\/am\/wp-json\/wp\/v2\/posts\/8127\/revisions"}],"wp:featuredmedia":[{"embeddable":true,"href":"https:\/\/agbw.org\/am\/wp-json\/wp\/v2\/media\/8130"}],"wp:attachment":[{"href":"https:\/\/agbw.org\/am\/wp-json\/wp\/v2\/media?parent=8127"}],"wp:term":[{"taxonomy":"category","embeddable":true,"href":"https:\/\/agbw.org\/am\/wp-json\/wp\/v2\/categories?post=8127"},{"taxonomy":"post_tag","embeddable":true,"href":"https:\/\/agbw.org\/am\/wp-json\/wp\/v2\/tags?post=8127"}],"curies":[{"name":"wp","href":"https:\/\/api.w.org\/{rel}","templated":true}]}}