{"id":8766,"date":"2021-05-16T08:33:56","date_gmt":"2021-05-16T06:33:56","guid":{"rendered":"http:\/\/agbw.org\/?p=8766"},"modified":"2021-05-16T08:33:56","modified_gmt":"2021-05-16T06:33:56","slug":"erneute-eskalation-an-der-grenze","status":"publish","type":"post","link":"https:\/\/agbw.org\/am\/2021\/erneute-eskalation-an-der-grenze\/","title":{"rendered":"Erneute Eskalation an der Grenze"},"content":{"rendered":"<p>Die Armenische Gemeinde Baden-W\u00fcrttemberg verfolgt besorgt die Situation an den armenischen Grenzprovinzen Syunik &amp; Gegharkunik.<\/p>\n<p>Die nach Armenien eingedrungenen aserbaidschanischen Soldaten verletzen die souver\u00e4nen Grenzen Armeniens in Syunik &amp; Gegharkunik und ignorieren das internationale Recht.<\/p>\n<p>Es ist ein Fakt, dass die azerische Regierung die Besorgnis der internationalen Medien \u00fcber den Israel-Pal\u00e4stina-Konflikt nutzt, um in die s\u00fcdlichen Regionen Armeniens einzudringen, genau wie sie vor Monaten die US-Wahlen genutzt hat, um die Republik Artsakh im vergangenen Jahr anzugreifen. Die zur\u00fcckhaltende Reaktion der internationalen Gemeinschaft und die Tatsache, dass weder Aserbaidschan noch die T\u00fcrkei zur Verantwortung gezogen werden, und die instabile Situation in Armenien f\u00f6rdern diese Vorgehensweise der Aserbaidschaner.<\/p>\n<p>Heute, am 16. Mai, plant Aserbaidschan, seine Milit\u00e4r\u00fcbungen mit 15.000 Soldaten durchzuf\u00fchren. Es wird erwartet, dass sie ihre milit\u00e4rische Infrastruktur pr\u00e4sentieren. Laut aserbaidschanischen Medienberichten werden sich die \u00dcbungen auf die Kampfbereitschaft und die Umgruppierung von Truppen und kombinierten Waffen konzentrieren.<\/p>\n<p>Der See Sev Litsch von Syunik ist eine wichtige Wasserquelle f\u00fcr die lokale Bev\u00f6lkerung. Aseerbaidschan versucht den Armeniern lebenswichtige Ressourcen zu entziehen. Neben der Verletzung der Souver\u00e4nit\u00e4t und der territorialen Integrit\u00e4t der Republik Armenien, ist es zweifelslos ein weiterer Versuch einer systematischen ethnischen S\u00e4uberung der in diesen Gebieten lebenden Armenier.<\/p>\n<p>Wir verurteilen diese Vorgehensweise Aserbaidschans aufs sch\u00e4rfste und fordern die Bundesregierung Deutschlands, sowie die internationale Gemeinschaft, entsprechende Ma\u00dfnahmen zu initiieren und die armenophobe Agression Aserbaidschans unverz\u00fcglich zur\u00fcckzuweisen.<\/p>\n<p>Wir bitten auch unsere Landsleute sowohl in Armenien, als auch hier in Deutschland wachsam zu bleiben. Gleichzeitig laden wir unsere Landsleute und Freunde zusammen mit uns f\u00fcr den Frieden zu beten.<\/p>","protected":false},"excerpt":{"rendered":"<p>Die Armenische Gemeinde Baden-W\u00fcrttemberg verfolgt besorgt die Situation an den  [&#8230;]<\/p>\n","protected":false},"author":1,"featured_media":8767,"comment_status":"open","ping_status":"open","sticky":false,"template":"","format":"standard","meta":{"footnotes":""},"categories":[142,141,73],"tags":[172,175,174,173,176],"class_list":["post-8766","post","type-post","status-publish","format-standard","has-post-thumbnail","hentry","category-aktuell","category-armenien","category-ref5","tag-armenien","tag-armenophobie","tag-aserbaidschanische-aggression","tag-eskalation-an-der-grenze","tag-konflikt-um-berg-karabach"],"_links":{"self":[{"href":"https:\/\/agbw.org\/am\/wp-json\/wp\/v2\/posts\/8766","targetHints":{"allow":["GET"]}}],"collection":[{"href":"https:\/\/agbw.org\/am\/wp-json\/wp\/v2\/posts"}],"about":[{"href":"https:\/\/agbw.org\/am\/wp-json\/wp\/v2\/types\/post"}],"author":[{"embeddable":true,"href":"https:\/\/agbw.org\/am\/wp-json\/wp\/v2\/users\/1"}],"replies":[{"embeddable":true,"href":"https:\/\/agbw.org\/am\/wp-json\/wp\/v2\/comments?post=8766"}],"version-history":[{"count":0,"href":"https:\/\/agbw.org\/am\/wp-json\/wp\/v2\/posts\/8766\/revisions"}],"wp:featuredmedia":[{"embeddable":true,"href":"https:\/\/agbw.org\/am\/wp-json\/wp\/v2\/media\/8767"}],"wp:attachment":[{"href":"https:\/\/agbw.org\/am\/wp-json\/wp\/v2\/media?parent=8766"}],"wp:term":[{"taxonomy":"category","embeddable":true,"href":"https:\/\/agbw.org\/am\/wp-json\/wp\/v2\/categories?post=8766"},{"taxonomy":"post_tag","embeddable":true,"href":"https:\/\/agbw.org\/am\/wp-json\/wp\/v2\/tags?post=8766"}],"curies":[{"name":"wp","href":"https:\/\/api.w.org\/{rel}","templated":true}]}}