{"id":9156,"date":"2021-09-21T18:31:27","date_gmt":"2021-09-21T16:31:27","guid":{"rendered":"http:\/\/agbw.org\/?p=9156"},"modified":"2021-09-21T18:50:12","modified_gmt":"2021-09-21T16:50:12","slug":"bischofsbesuch-am-26-september","status":"publish","type":"post","link":"https:\/\/agbw.org\/am\/2021\/bischofsbesuch-am-26-september\/","title":{"rendered":"Bischofsbesuch am 26. September"},"content":{"rendered":"<div class=\"fusion-fullwidth fullwidth-box fusion-builder-row-1 fusion-flex-container nonhundred-percent-fullwidth non-hundred-percent-height-scrolling\" style=\"--awb-border-radius-top-left:0px;--awb-border-radius-top-right:0px;--awb-border-radius-bottom-right:0px;--awb-border-radius-bottom-left:0px;--awb-flex-wrap:wrap;\" ><div class=\"fusion-builder-row fusion-row fusion-flex-align-items-flex-start fusion-flex-content-wrap\" style=\"max-width:1248px;margin-left: calc(-4% \/ 2 );margin-right: calc(-4% \/ 2 );\"><div class=\"fusion-layout-column fusion_builder_column fusion-builder-column-0 fusion_builder_column_1_1 1_1 fusion-flex-column\" style=\"--awb-bg-size:cover;--awb-width-large:100%;--awb-margin-top-large:0px;--awb-spacing-right-large:1.92%;--awb-margin-bottom-large:0px;--awb-spacing-left-large:1.92%;--awb-width-medium:100%;--awb-spacing-right-medium:1.92%;--awb-spacing-left-medium:1.92%;--awb-width-small:100%;--awb-spacing-right-small:1.92%;--awb-spacing-left-small:1.92%;\"><div class=\"fusion-column-wrapper fusion-flex-justify-content-flex-start fusion-content-layout-column\"><div class=\"fusion-text fusion-text-1\"><p>Die Armenische Gemeinde Baden-W\u00fcrttemberg l\u00e4dt ihre Gemeindemitglieder und Freunde zum feierlichen Surb Patarag am <span style=\"text-decoration: underline;\">26. September 2021, um 11 Uhr, in die Armenische Hl. Kreuz Kirche in G\u00f6ppingen\/Bartenbach<\/span> ein.<\/p>\n<p>An diesem Tag gedenkt die Armenische Kirche dieses Jahr das Fest des Hl. Kreuzes von Warag. <strong>S. E. Bischof <em>Serovp\u00e9 Isakhanyan<\/em> wird die Gemeinde besuchen und die neugew\u00e4hlten Mitglieder des Vorstandes sowie die Di\u00f6zesandelegierten f\u00fcr den Amt segnen<\/strong>.<\/p>\n<p>Im Anschluss an Surb Patarag findet die auch die Verleihung des \u201eDzaghyal Pilon\u201c (<em>\u053e\u0561\u0572\u056f\u0565\u0561\u0575 \u0553\u056b\u056c\u0578\u0576<\/em>) an Pfarrer Dr. Diradur Sardaryan statt. Dieser besondere Chormantel (schwarz, ornamentiert) wird vom Katholikos Aller Armenier einem verheirateten Priester auf Empfehlung des Di\u00f6zesanbischofs f\u00fcr seine langj\u00e4hrigen und besonderen Verdienste im priesterlichen Dienst verliehen.<\/p>\n<p>Wir laden Sie herzlich ein mit uns diesen besonderen Tag zu feiern, unseren Bischof und die Gremienmitglieder der Gemeinde zu begegnen.<\/p>\n<p>Ihr AGBW Team<\/p>\n<\/div><div class=\"fusion-separator fusion-full-width-sep\" style=\"align-self: center;margin-left: auto;margin-right: auto;width:100%;\"><div class=\"fusion-separator-border sep-single\" style=\"--awb-height:20px;--awb-amount:20px;border-color:#ffac00;border-top-width:1px;\"><\/div><\/div>[fusion_events cat_slug=&#8220;&#8220; past_events=&#8220;no&#8220; order=&#8220;ASC&#8220; number_posts=&#8220;1&#8243; columns=&#8220;1&#8243; column_spacing=&#8220;&#8220; picture_size=&#8220;cover&#8220; padding_top=&#8220;&#8220; padding_right=&#8220;&#8220; padding_bottom=&#8220;&#8220; padding_left=&#8220;&#8220; content_alignment=&#8220;&#8220; content_length=&#8220;&#8220; excerpt_length=&#8220;&#8220; strip_html=&#8220;&#8220; pagination=&#8220;no&#8220; hide_on_mobile=&#8220;small-visibility,medium-visibility,large-visibility&#8220; class=&#8220;&#8220; id=&#8220;&#8220; \/]<\/div><\/div><\/div><\/div>\n","protected":false},"excerpt":{"rendered":"","protected":false},"author":1,"featured_media":9157,"comment_status":"closed","ping_status":"open","sticky":false,"template":"","format":"standard","meta":{"footnotes":""},"categories":[142,64],"tags":[],"class_list":["post-9156","post","type-post","status-publish","format-standard","has-post-thumbnail","hentry","category-aktuell","category-gemeinde"],"_links":{"self":[{"href":"https:\/\/agbw.org\/am\/wp-json\/wp\/v2\/posts\/9156","targetHints":{"allow":["GET"]}}],"collection":[{"href":"https:\/\/agbw.org\/am\/wp-json\/wp\/v2\/posts"}],"about":[{"href":"https:\/\/agbw.org\/am\/wp-json\/wp\/v2\/types\/post"}],"author":[{"embeddable":true,"href":"https:\/\/agbw.org\/am\/wp-json\/wp\/v2\/users\/1"}],"replies":[{"embeddable":true,"href":"https:\/\/agbw.org\/am\/wp-json\/wp\/v2\/comments?post=9156"}],"version-history":[{"count":0,"href":"https:\/\/agbw.org\/am\/wp-json\/wp\/v2\/posts\/9156\/revisions"}],"wp:featuredmedia":[{"embeddable":true,"href":"https:\/\/agbw.org\/am\/wp-json\/wp\/v2\/media\/9157"}],"wp:attachment":[{"href":"https:\/\/agbw.org\/am\/wp-json\/wp\/v2\/media?parent=9156"}],"wp:term":[{"taxonomy":"category","embeddable":true,"href":"https:\/\/agbw.org\/am\/wp-json\/wp\/v2\/categories?post=9156"},{"taxonomy":"post_tag","embeddable":true,"href":"https:\/\/agbw.org\/am\/wp-json\/wp\/v2\/tags?post=9156"}],"curies":[{"name":"wp","href":"https:\/\/api.w.org\/{rel}","templated":true}]}}