{"id":9165,"date":"2021-10-03T08:25:17","date_gmt":"2021-10-03T06:25:17","guid":{"rendered":"http:\/\/agbw.org\/?p=9165"},"modified":"2021-10-03T08:38:22","modified_gmt":"2021-10-03T06:38:22","slug":"neuer-vorstand-eingefuehrt-2021","status":"publish","type":"post","link":"https:\/\/agbw.org\/am\/2021\/neuer-vorstand-eingefuehrt-2021\/","title":{"rendered":"Mit Festgottesdienst eingef\u00fchrt"},"content":{"rendered":"<div class=\"fusion-fullwidth fullwidth-box fusion-builder-row-1 fusion-flex-container nonhundred-percent-fullwidth non-hundred-percent-height-scrolling\" style=\"--awb-border-radius-top-left:0px;--awb-border-radius-top-right:0px;--awb-border-radius-bottom-right:0px;--awb-border-radius-bottom-left:0px;--awb-flex-wrap:wrap;\" ><div class=\"fusion-builder-row fusion-row fusion-flex-align-items-flex-start fusion-flex-content-wrap\" style=\"max-width:1248px;margin-left: calc(-4% \/ 2 );margin-right: calc(-4% \/ 2 );\"><div class=\"fusion-layout-column fusion_builder_column fusion-builder-column-0 fusion_builder_column_1_1 1_1 fusion-flex-column\" style=\"--awb-bg-size:cover;--awb-width-large:100%;--awb-margin-top-large:0px;--awb-spacing-right-large:1.92%;--awb-margin-bottom-large:0px;--awb-spacing-left-large:1.92%;--awb-width-medium:100%;--awb-spacing-right-medium:1.92%;--awb-spacing-left-medium:1.92%;--awb-width-small:100%;--awb-spacing-right-small:1.92%;--awb-spacing-left-small:1.92%;\"><div class=\"fusion-column-wrapper fusion-flex-justify-content-flex-start fusion-content-layout-column\"><div class=\"fusion-text fusion-text-1\"><div class=\"o9v6fnle cxmmr5t8 oygrvhab hcukyx3x c1et5uql ii04i59q\">\n<div dir=\"auto\">\n<p>Am 26. September 2021 fand in der armenischen Hl. Kreuz Kirche (\u054d\u0578\u0582\u0580\u0562 \u053d\u0561\u0579 \u0535\u056f\u0565\u0572\u0565\u0581\u056b) in G\u00f6ppingen\/Bartenbach die feierliche Einf\u00fchrung des neugew\u00e4hlten Vorstandes und der Delegierten der Armenischen Gemeinde Baden-W\u00fcrttemberg statt.<\/p>\n<p>S. E. Bischof Serovp\u00e9 Isakhanyan, Primas der Di\u00f6zese der Armenischen Kirche in Deutschland hat an diesem Tag den Surb Patarag pr\u00e4sidiert und gepredigt. W\u00e4hrend des Gottesdienstes wurde unserem Gemeindepfarrer Dr. Diradur Sardaryan das \u201eDzaghya Pilon\u201c verliehen. Dieser besondere Chormantel (schwarz, ornamentiert) wird vom Katholikos Aller Armenier einem verheirateten Priester auf Empfehlung des Di\u00f6zesanbischofs f\u00fcr seine langj\u00e4hrigen und besonderen Verdienste im priesterlichen Dienst verliehen.<\/p>\n<p>Im Anschluss daran wurden die neugew\u00e4hlten Mitglieder des Vorstandes der Gemeinde sowie die Di\u00f6zesandelegierten feierlich ins Amt eingef\u00fchrt und von S. E. Bischof Serovp\u00e9 Isakhanyan gesegnet. Er verwies darauf, dass sie zusammen mit der Ehre auch eine Verantwortung vor Gott, vor der Kirche und der Gemeinschaft tragen und w\u00fcnschte ihnen Gottes Beistand in ihren \u00c4mtern. Diejenigen, die nicht gew\u00e4hlt wurden oder sich nicht kandidiert haben, bittet er weiterhin mit Ihren F\u00e4higkeiten in unserer Gemeinde mitzuwirken und dem neu gew\u00e4hlten Vorstand beizustehen.<\/p>\n<p>Die Vorstandsmitglieder und die Delegierten versprachen feierlich vor Gott und Gemeinde, den ihnen anvertrauten Dienst treu und sorgf\u00e4ltig, gewissenhaft und verantwortungsvoll zu erf\u00fcllen, zur Ehre Gottes und zum Wohle unserer Kirche und Gemeinde.<\/p>\n<\/div>\n<\/div>\n<\/div><div class=\"fusion-separator fusion-full-width-sep\" style=\"align-self: center;margin-left: auto;margin-right: auto;margin-top:15px;margin-bottom:15px;width:100%;\"><div class=\"fusion-separator-border sep-single\" style=\"--awb-height:20px;--awb-amount:20px;border-color:#ffac00;border-top-width:1px;\"><\/div><\/div><div class=\"fusion-image-element\" style=\"--awb-caption-title-font-family:var(--h2_typography-font-family);--awb-caption-title-font-weight:var(--h2_typography-font-weight);--awb-caption-title-font-style:var(--h2_typography-font-style);--awb-caption-title-size:var(--h2_typography-font-size);--awb-caption-title-transform:var(--h2_typography-text-transform);--awb-caption-title-line-height:var(--h2_typography-line-height);--awb-caption-title-letter-spacing:var(--h2_typography-letter-spacing);\"><span class=\"fusion-imageframe imageframe-none imageframe-1 hover-type-none\"><img decoding=\"async\" width=\"2560\" height=\"874\" title=\"AGBW-Vorstand-und-Delegierte-2021\" src=\"http:\/\/agbw.org\/wp-content\/uploads\/2021\/10\/AGBW-Vorstand-und-Delegierte-2021-scaled.jpg\" alt class=\"img-responsive wp-image-9168\" srcset=\"https:\/\/agbw.org\/wp-content\/uploads\/2021\/10\/AGBW-Vorstand-und-Delegierte-2021-scaled-500x171.jpg 500w, https:\/\/agbw.org\/wp-content\/uploads\/2021\/10\/AGBW-Vorstand-und-Delegierte-2021-scaled-700x239.jpg 700w, https:\/\/agbw.org\/wp-content\/uploads\/2021\/10\/AGBW-Vorstand-und-Delegierte-2021-scaled.jpg 2560w\" sizes=\"(max-width: 2560px) 100vw, 2560px\" \/><\/span><\/div><div class=\"fusion-separator fusion-full-width-sep\" style=\"align-self: center;margin-left: auto;margin-right: auto;margin-top:15px;margin-bottom:15px;width:100%;\"><div class=\"fusion-separator-border sep-single\" style=\"--awb-height:20px;--awb-amount:20px;border-color:#ffac00;border-top-width:1px;\"><\/div><\/div><\/div><\/div><div class=\"fusion-layout-column fusion_builder_column fusion-builder-column-1 fusion_builder_column_1_2 1_2 fusion-flex-column\" style=\"--awb-bg-size:cover;--awb-width-large:50%;--awb-margin-top-large:0px;--awb-spacing-right-large:3.84%;--awb-margin-bottom-large:20px;--awb-spacing-left-large:3.84%;--awb-width-medium:100%;--awb-order-medium:0;--awb-spacing-right-medium:1.92%;--awb-spacing-left-medium:1.92%;--awb-width-small:100%;--awb-order-small:0;--awb-spacing-right-small:1.92%;--awb-spacing-left-small:1.92%;\"><div class=\"fusion-column-wrapper fusion-column-has-shadow fusion-flex-justify-content-flex-start fusion-content-layout-column\"><div class=\"fusion-image-element\" style=\"--awb-caption-title-font-family:var(--h2_typography-font-family);--awb-caption-title-font-weight:var(--h2_typography-font-weight);--awb-caption-title-font-style:var(--h2_typography-font-style);--awb-caption-title-size:var(--h2_typography-font-size);--awb-caption-title-transform:var(--h2_typography-text-transform);--awb-caption-title-line-height:var(--h2_typography-line-height);--awb-caption-title-letter-spacing:var(--h2_typography-letter-spacing);\"><span class=\"fusion-imageframe imageframe-none imageframe-2 hover-type-none\"><img decoding=\"async\" width=\"600\" height=\"467\" title=\"Verleihung von Dzaghgya Pilon an Pfarrer Diradur Sardaryan\" src=\"http:\/\/agbw.org\/wp-content\/uploads\/2021\/10\/DSC_0010-1-600x467.jpg\" alt class=\"img-responsive wp-image-9170\"\/><\/span><\/div><\/div><\/div><div class=\"fusion-layout-column fusion_builder_column fusion-builder-column-2 fusion_builder_column_1_2 1_2 fusion-flex-column\" style=\"--awb-bg-size:cover;--awb-width-large:50%;--awb-margin-top-large:0px;--awb-spacing-right-large:3.84%;--awb-margin-bottom-large:20px;--awb-spacing-left-large:3.84%;--awb-width-medium:100%;--awb-order-medium:0;--awb-spacing-right-medium:1.92%;--awb-spacing-left-medium:1.92%;--awb-width-small:100%;--awb-order-small:0;--awb-spacing-right-small:1.92%;--awb-spacing-left-small:1.92%;\"><div class=\"fusion-column-wrapper fusion-column-has-shadow fusion-flex-justify-content-flex-start fusion-content-layout-column\"><div class=\"fusion-image-element\" style=\"--awb-caption-title-font-family:var(--h2_typography-font-family);--awb-caption-title-font-weight:var(--h2_typography-font-weight);--awb-caption-title-font-style:var(--h2_typography-font-style);--awb-caption-title-size:var(--h2_typography-font-size);--awb-caption-title-transform:var(--h2_typography-text-transform);--awb-caption-title-line-height:var(--h2_typography-line-height);--awb-caption-title-letter-spacing:var(--h2_typography-letter-spacing);\"><span class=\"fusion-imageframe imageframe-none imageframe-3 hover-type-none\"><img decoding=\"async\" width=\"600\" height=\"432\" title=\"Urkundenverleihung an den neuen Vorstand\" src=\"http:\/\/agbw.org\/wp-content\/uploads\/2021\/10\/DSC_0015-1-600x432.jpg\" alt class=\"img-responsive wp-image-9171\"\/><\/span><\/div><\/div><\/div><\/div><\/div>","protected":false},"excerpt":{"rendered":"","protected":false},"author":1,"featured_media":9166,"comment_status":"closed","ping_status":"open","sticky":false,"template":"","format":"standard","meta":{"footnotes":""},"categories":[142,58],"tags":[205,204],"class_list":["post-9165","post","type-post","status-publish","format-standard","has-post-thumbnail","hentry","category-aktuell","category-allgemein","tag-einfuehrung","tag-vorstand"],"_links":{"self":[{"href":"https:\/\/agbw.org\/am\/wp-json\/wp\/v2\/posts\/9165","targetHints":{"allow":["GET"]}}],"collection":[{"href":"https:\/\/agbw.org\/am\/wp-json\/wp\/v2\/posts"}],"about":[{"href":"https:\/\/agbw.org\/am\/wp-json\/wp\/v2\/types\/post"}],"author":[{"embeddable":true,"href":"https:\/\/agbw.org\/am\/wp-json\/wp\/v2\/users\/1"}],"replies":[{"embeddable":true,"href":"https:\/\/agbw.org\/am\/wp-json\/wp\/v2\/comments?post=9165"}],"version-history":[{"count":0,"href":"https:\/\/agbw.org\/am\/wp-json\/wp\/v2\/posts\/9165\/revisions"}],"wp:featuredmedia":[{"embeddable":true,"href":"https:\/\/agbw.org\/am\/wp-json\/wp\/v2\/media\/9166"}],"wp:attachment":[{"href":"https:\/\/agbw.org\/am\/wp-json\/wp\/v2\/media?parent=9165"}],"wp:term":[{"taxonomy":"category","embeddable":true,"href":"https:\/\/agbw.org\/am\/wp-json\/wp\/v2\/categories?post=9165"},{"taxonomy":"post_tag","embeddable":true,"href":"https:\/\/agbw.org\/am\/wp-json\/wp\/v2\/tags?post=9165"}],"curies":[{"name":"wp","href":"https:\/\/api.w.org\/{rel}","templated":true}]}}