{"id":9701,"date":"2021-11-30T08:00:58","date_gmt":"2021-11-30T07:00:58","guid":{"rendered":"http:\/\/agbw.org\/?p=9701"},"modified":"2021-11-30T06:31:28","modified_gmt":"2021-11-30T05:31:28","slug":"umfrage-meine-gemeinde-meine-heimat","status":"publish","type":"post","link":"https:\/\/agbw.org\/am\/2021\/umfrage-meine-gemeinde-meine-heimat\/","title":{"rendered":"Umfrage: Meine Gemeinde &#8211; Meine Heimat"},"content":{"rendered":"<div class=\"fusion-fullwidth fullwidth-box fusion-builder-row-1 fusion-flex-container nonhundred-percent-fullwidth non-hundred-percent-height-scrolling\" style=\"--awb-border-radius-top-left:0px;--awb-border-radius-top-right:0px;--awb-border-radius-bottom-right:0px;--awb-border-radius-bottom-left:0px;--awb-flex-wrap:wrap;\" ><div class=\"fusion-builder-row fusion-row fusion-flex-align-items-flex-start fusion-flex-content-wrap\" style=\"max-width:1248px;margin-left: calc(-4% \/ 2 );margin-right: calc(-4% \/ 2 );\"><div class=\"fusion-layout-column fusion_builder_column fusion-builder-column-0 fusion_builder_column_1_1 1_1 fusion-flex-column\" style=\"--awb-bg-size:cover;--awb-width-large:100%;--awb-margin-top-large:0px;--awb-spacing-right-large:1.92%;--awb-margin-bottom-large:20px;--awb-spacing-left-large:1.92%;--awb-width-medium:100%;--awb-order-medium:0;--awb-spacing-right-medium:1.92%;--awb-spacing-left-medium:1.92%;--awb-width-small:100%;--awb-order-small:0;--awb-spacing-right-small:1.92%;--awb-spacing-left-small:1.92%;\"><div class=\"fusion-column-wrapper fusion-column-has-shadow fusion-flex-justify-content-flex-start fusion-content-layout-column\"><div class=\"fusion-title title fusion-title-1 fusion-sep-none fusion-title-text fusion-title-size-one\" style=\"--awb-margin-top-small:10px;--awb-margin-right-small:0px;--awb-margin-bottom-small:10px;--awb-margin-left-small:0px;\"><h1 class=\"fusion-title-heading title-heading-left fusion-responsive-typography-calculated\" style=\"margin:0;--fontSize:35;line-height:1.2;\"><h1 class=\"entry-title fusion-post-title\">Umfrage: Meine Gemeinde \u2013 Meine Heimat<\/h1><\/h1><\/div><div class=\"fusion-text fusion-text-1\" style=\"--awb-text-transform:none;\"><p><span id=\"isPasted\">Liebe Gemeindemitglieder,<\/span><\/p>\n<p>gerne m\u00f6chten wir als Armenische Gemeinde in Baden-W\u00fcrttemberg zuk\u00fcnftig eine gr\u00f6\u00dfere Rolle im Leben unserer Mitglieder spielen. Wir m\u00f6chten eine lebensbejahende, beziehungsstiftende, br\u00fcckenbauende Kirchengemeinde sein, die den Menschen zuh\u00f6rt, sie aber auch im geistlichen Leben begleitet.<\/p>\n<p>Unsere Gemeinde soll eine Heimat sein f\u00fcr alle Armenisch Apostolischen Christen in Baden-W\u00fcrttemberg. Ein Ort, wo keiner sich Fremd f\u00fchlt. Dieser Wandel soll sich in verschiedenen Facetten zeigen: im seelsorgerischen, kulturellen und sozialen Angebot, in dem gottesdienstlichnen Leben, in Leitungsstrukturen usw.<\/p>\n<p>Diesem Prozess, f\u00fcr den wir den Segen unseres Bischofs Serovpe Isakhanyan erhielten, haben wir den Arbeitstitel &#8222;Meine Gemeinde &#8211; Meine Heimat&#8220; gegeben. Im Ersten schritt m\u00f6chten wir gerne die aktuelle Situation analysieren um feststellen zu k\u00f6nnen, was ist denn unser Ist-Zustand, welches Potenzial und welche Chancen wir als Gemeinde haben, wo schw\u00e4chelt es, um dann gemeinsam auf diesem Basis die Zukunft der Gemeinde zu gestalten. Dabei m\u00f6chten wir das Wort GEMEINSAM besonders unterstreichen und deshalb m\u00f6chten wir Sie, liebe Gemeindemitglieder, bereits in dieser fr\u00fchen Phase miteinbeziehen und Sie um Ihre Ehrliche Meinung fragen.<\/p>\n<p>Bitte, nehmen Sie sich ein bisschen Zeit und beantworten Sie die unteren vier Fragen. \u00dcber Ihre R\u00fcckmeldung bis sp\u00e4testens zum 15. Dezember 2021 w\u00fcrden wir uns freuen. Wir bedanken uns bei Ihnen f\u00fcr Ihre M\u00fche!<\/p>\n<p>Die Umfrage ist Anonym. Die Ergebnisse werden wir nach dem 15. Dezember 2021 verarbeiten und ver\u00f6ffentlichen.<\/p>\n<p>Mit freundlichen Gr\u00fc\u00dfen,<br \/>\nIhr Gemeindepfarrer und Vorstand<\/p>\n<\/div><div ><a class=\"fusion-button button-flat button-xlarge button-default fusion-button-default button-1 fusion-button-default-span fusion-button-default-type\" target=\"_self\" href=\"https:\/\/survey.app.do\/gemeinde\"><span class=\"fusion-button-text awb-button__text awb-button__text--default\">WEITER ZUM FRAGEBOGEN&#8230;<\/span><\/a><\/div><\/div><\/div><\/div><\/div>","protected":false},"excerpt":{"rendered":"","protected":false},"author":1,"featured_media":9704,"comment_status":"closed","ping_status":"open","sticky":false,"template":"","format":"standard","meta":{"footnotes":""},"categories":[58,64],"tags":[220,250,249],"class_list":["post-9701","post","type-post","status-publish","format-standard","has-post-thumbnail","hentry","category-allgemein","category-gemeinde","tag-agbw","tag-meine-gemeinde","tag-umfrage"],"_links":{"self":[{"href":"https:\/\/agbw.org\/am\/wp-json\/wp\/v2\/posts\/9701","targetHints":{"allow":["GET"]}}],"collection":[{"href":"https:\/\/agbw.org\/am\/wp-json\/wp\/v2\/posts"}],"about":[{"href":"https:\/\/agbw.org\/am\/wp-json\/wp\/v2\/types\/post"}],"author":[{"embeddable":true,"href":"https:\/\/agbw.org\/am\/wp-json\/wp\/v2\/users\/1"}],"replies":[{"embeddable":true,"href":"https:\/\/agbw.org\/am\/wp-json\/wp\/v2\/comments?post=9701"}],"version-history":[{"count":0,"href":"https:\/\/agbw.org\/am\/wp-json\/wp\/v2\/posts\/9701\/revisions"}],"wp:featuredmedia":[{"embeddable":true,"href":"https:\/\/agbw.org\/am\/wp-json\/wp\/v2\/media\/9704"}],"wp:attachment":[{"href":"https:\/\/agbw.org\/am\/wp-json\/wp\/v2\/media?parent=9701"}],"wp:term":[{"taxonomy":"category","embeddable":true,"href":"https:\/\/agbw.org\/am\/wp-json\/wp\/v2\/categories?post=9701"},{"taxonomy":"post_tag","embeddable":true,"href":"https:\/\/agbw.org\/am\/wp-json\/wp\/v2\/tags?post=9701"}],"curies":[{"name":"wp","href":"https:\/\/api.w.org\/{rel}","templated":true}]}}